{"id":3620,"date":"2021-06-18T18:15:05","date_gmt":"2021-06-18T21:15:05","guid":{"rendered":"https:\/\/fmnativa.com\/portal\/?p=3620"},"modified":"2021-06-18T18:15:05","modified_gmt":"2021-06-18T21:15:05","slug":"karting-noreste-santafesino-me-paso-al-pro-dijo-juan-luis-de-la-fuente","status":"publish","type":"post","link":"https:\/\/fmnativa.com\/portal\/2021\/06\/18\/karting-noreste-santafesino-me-paso-al-pro-dijo-juan-luis-de-la-fuente\/","title":{"rendered":"Karting Noreste Santafesino &#8211; ME PASO AL PRO, DIJO JUAN LUIS DE LA FUENTE"},"content":{"rendered":"<div id=\"fb-root\"><\/div>\n<p>El piloto de Malabrigo no la pas\u00f3 bien en la \u00faltima competencia del Karting Noreste Santafesino, padeci\u00f3 problemas durante todo el fin de semana con la planta motriz, lo que lo hizo decidirse a pasarse a la categor\u00eda que lleva motorizaci\u00f3n propia.<\/p>\n<p>Escuchalo<\/p>\n<audio class=\"wp-audio-shortcode\" id=\"audio-3620-1\" preload=\"none\" style=\"width: 100%;\" controls=\"controls\"><source type=\"audio\/mpeg\" src=\"https:\/\/fmnativa.com\/portal\/wp-content\/uploads\/2021\/06\/16-06-2021-Juan-Luis-De-la-Fuente-1.mp3?_=1\" \/><a href=\"https:\/\/fmnativa.com\/portal\/wp-content\/uploads\/2021\/06\/16-06-2021-Juan-Luis-De-la-Fuente-1.mp3\">https:\/\/fmnativa.com\/portal\/wp-content\/uploads\/2021\/06\/16-06-2021-Juan-Luis-De-la-Fuente-1.mp3<\/a><\/audio>\n<p>&nbsp;<\/p>\n<p><strong>Resumen de su participaci\u00f3n en la 2da fecha<\/strong><\/p>\n<p>150 SENIOR<br \/>\nDE LA FUENTE JUAN LUIS<br \/>\nClasifico: 8\u00b0 a 913\/1000 del poleman<br \/>\n1\u00b0 Serie:\u00a0 6\u00b0<br \/>\nFinal:\u00a0 Rotura de motor en la largada<br \/>\nCampeonato:\u00a0 \u00a05 \u00b0\u00a0 con 41,5 puntos<\/p>\n<p>&nbsp;<\/p>\n<p>Foto Martin Ruiz Diaz<\/p>\n","protected":false},"excerpt":{"rendered":"<p>El piloto de Malabrigo no la pas\u00f3 bien en la \u00faltima competencia del Karting Noreste&#8230;<\/p>\n","protected":false},"author":1,"featured_media":3621,"comment_status":"closed","ping_status":"closed","sticky":false,"template":"","format":"standard","meta":{"footnotes":""},"categories":[48,10,6],"tags":[208,730,1097,691],"class_list":["post-3620","post","type-post","status-publish","format-standard","has-post-thumbnail","hentry","category-deportes","category-ponelaquinta","category-regionales","tag-akns","tag-kartingnorestesantafesino","tag-plq","tag-ponelaquinta"],"featured_image_urls":{"full":["https:\/\/fmnativa.com\/portal\/wp-content\/uploads\/2021\/06\/NOTICIA-PORTAL-NATIVA-12.jpg",416,233,false],"thumbnail":["https:\/\/fmnativa.com\/portal\/wp-content\/uploads\/2021\/06\/NOTICIA-PORTAL-NATIVA-12-150x150.jpg",150,150,true],"medium":["https:\/\/fmnativa.com\/portal\/wp-content\/uploads\/2021\/06\/NOTICIA-PORTAL-NATIVA-12-300x168.jpg",300,168,true],"medium_large":["https:\/\/fmnativa.com\/portal\/wp-content\/uploads\/2021\/06\/NOTICIA-PORTAL-NATIVA-12.jpg",416,233,false],"large":["https:\/\/fmnativa.com\/portal\/wp-content\/uploads\/2021\/06\/NOTICIA-PORTAL-NATIVA-12.jpg",416,233,false],"1536x1536":["https:\/\/fmnativa.com\/portal\/wp-content\/uploads\/2021\/06\/NOTICIA-PORTAL-NATIVA-12.jpg",416,233,false],"2048x2048":["https:\/\/fmnativa.com\/portal\/wp-content\/uploads\/2021\/06\/NOTICIA-PORTAL-NATIVA-12.jpg",416,233,false],"covernews-slider-full":["https:\/\/fmnativa.com\/portal\/wp-content\/uploads\/2021\/06\/NOTICIA-PORTAL-NATIVA-12.jpg",416,233,false],"covernews-slider-center":["https:\/\/fmnativa.com\/portal\/wp-content\/uploads\/2021\/06\/NOTICIA-PORTAL-NATIVA-12.jpg",416,233,false],"covernews-featured":["https:\/\/fmnativa.com\/portal\/wp-content\/uploads\/2021\/06\/NOTICIA-PORTAL-NATIVA-12.jpg",416,233,false],"covernews-medium":["https:\/\/fmnativa.com\/portal\/wp-content\/uploads\/2021\/06\/NOTICIA-PORTAL-NATIVA-12.jpg",416,233,false],"covernews-medium-square":["https:\/\/fmnativa.com\/portal\/wp-content\/uploads\/2021\/06\/NOTICIA-PORTAL-NATIVA-12-400x233.jpg",400,233,true]},"author_info":{"info":["Fabian"]},"category_info":"<a href=\"https:\/\/fmnativa.com\/portal\/category\/deportes\/\" rel=\"category tag\">DEPORTES<\/a> <a href=\"https:\/\/fmnativa.com\/portal\/category\/ponelaquinta\/\" rel=\"category tag\">Pon\u00e9 La Quinta<\/a> <a href=\"https:\/\/fmnativa.com\/portal\/category\/regionales\/\" rel=\"category tag\">REGIONALES<\/a>","tag_info":"REGIONALES","comment_count":"0","_links":{"self":[{"href":"https:\/\/fmnativa.com\/portal\/wp-json\/wp\/v2\/posts\/3620","targetHints":{"allow":["GET"]}}],"collection":[{"href":"https:\/\/fmnativa.com\/portal\/wp-json\/wp\/v2\/posts"}],"about":[{"href":"https:\/\/fmnativa.com\/portal\/wp-json\/wp\/v2\/types\/post"}],"author":[{"embeddable":true,"href":"https:\/\/fmnativa.com\/portal\/wp-json\/wp\/v2\/users\/1"}],"replies":[{"embeddable":true,"href":"https:\/\/fmnativa.com\/portal\/wp-json\/wp\/v2\/comments?post=3620"}],"version-history":[{"count":1,"href":"https:\/\/fmnativa.com\/portal\/wp-json\/wp\/v2\/posts\/3620\/revisions"}],"predecessor-version":[{"id":3622,"href":"https:\/\/fmnativa.com\/portal\/wp-json\/wp\/v2\/posts\/3620\/revisions\/3622"}],"wp:featuredmedia":[{"embeddable":true,"href":"https:\/\/fmnativa.com\/portal\/wp-json\/wp\/v2\/media\/3621"}],"wp:attachment":[{"href":"https:\/\/fmnativa.com\/portal\/wp-json\/wp\/v2\/media?parent=3620"}],"wp:term":[{"taxonomy":"category","embeddable":true,"href":"https:\/\/fmnativa.com\/portal\/wp-json\/wp\/v2\/categories?post=3620"},{"taxonomy":"post_tag","embeddable":true,"href":"https:\/\/fmnativa.com\/portal\/wp-json\/wp\/v2\/tags?post=3620"}],"curies":[{"name":"wp","href":"https:\/\/api.w.org\/{rel}","templated":true}]}}