{"id":3632,"date":"2021-06-18T19:00:39","date_gmt":"2021-06-18T22:00:39","guid":{"rendered":"https:\/\/fmnativa.com\/portal\/?p=3632"},"modified":"2021-06-18T19:00:39","modified_gmt":"2021-06-18T22:00:39","slug":"reconquista-comenzaron-los-hisopados-gratuitos","status":"publish","type":"post","link":"https:\/\/fmnativa.com\/portal\/2021\/06\/18\/reconquista-comenzaron-los-hisopados-gratuitos\/","title":{"rendered":"Reconquista &#8211; COMENZARON LOS HISOPADOS GRATUITOS"},"content":{"rendered":"<div id=\"fb-root\"><\/div>\n<p>En el CAPS de barrio Guadalupe inici\u00f3, en la ma\u00f1ana del viernes 18 de junio, el servicio de hisopados gratuitos y asistencia para el registro en el plan de vacunaci\u00f3n, en una iniciativa coordinada entre la Municipalidad de Reconquista y la Regi\u00f3n de Salud.<\/p>\n<p>\u201cComenzamos con Operativos Detectar en distintos sectores de nuestra ciudad para facilitar el acceso al servicio sanitario, en funci\u00f3n de donde se registraron mayor n\u00famero de sintom\u00e1ticos y de casos\u201d, expres\u00f3 la Subsecretaria de Salud Mg. Ainel\u00e9n Radosevich, \u201ccon un di\u00e1logo previo con el Centro de Salud que abarca la zona, para realizar hisopados a personas que presenten s\u00edntomas compatibles\u201d.<\/p>\n<p>\u201cEl objetivo es hacerlo rotativo durante el tiempo que sea necesario, trabajando articuladamente con instituciones barriales para difundir la informaci\u00f3n y que la gente se acerque\u201d, agreg\u00f3 Radosevich, quien destac\u00f3 la tarea de m\u00e9dicos, bioqu\u00edmicos y administrativos para el \u00f3ptimo funcionamiento de los dispositivos estrat\u00e9gicos de testeo en el territorio, que adem\u00e1s brindan asesoramiento para la inscripci\u00f3n al plan de vacunaci\u00f3n en la plataforma provincial, \u201cpara que oportunamente reciban el turno en sus tel\u00e9fonos\u201d.<\/p>\n<p>Los operativos comprenden la toma de muestra mediante hisopados para tener el resultado lo antes posible y as\u00ed poder confirmar o descartar el caso, identificando contactos estrechos de resultar positivo y estableciendo un seguimiento peri\u00f3dico de cuidado y atenci\u00f3n durante el periodo correspondiente.<\/p>\n","protected":false},"excerpt":{"rendered":"<p>En el CAPS de barrio Guadalupe inici\u00f3, en la ma\u00f1ana del viernes 18 de junio,&#8230;<\/p>\n","protected":false},"author":1,"featured_media":3633,"comment_status":"closed","ping_status":"closed","sticky":false,"template":"","format":"standard","meta":{"footnotes":""},"categories":[49,5],"tags":[30,103,133,32,130,1154,656],"class_list":["post-3632","post","type-post","status-publish","format-standard","has-post-thumbnail","hentry","category-covid-19","category-locales","tag-aislamiento","tag-contagiados","tag-coronavirus","tag-covid-19","tag-cuarentena","tag-hisopados","tag-municipalidaddereconquista"],"featured_image_urls":{"full":["https:\/\/fmnativa.com\/portal\/wp-content\/uploads\/2021\/06\/1-5.jpeg",1032,581,false],"thumbnail":["https:\/\/fmnativa.com\/portal\/wp-content\/uploads\/2021\/06\/1-5-150x150.jpeg",150,150,true],"medium":["https:\/\/fmnativa.com\/portal\/wp-content\/uploads\/2021\/06\/1-5-300x169.jpeg",300,169,true],"medium_large":["https:\/\/fmnativa.com\/portal\/wp-content\/uploads\/2021\/06\/1-5-768x432.jpeg",640,360,true],"large":["https:\/\/fmnativa.com\/portal\/wp-content\/uploads\/2021\/06\/1-5-1024x576.jpeg",640,360,true],"1536x1536":["https:\/\/fmnativa.com\/portal\/wp-content\/uploads\/2021\/06\/1-5.jpeg",1032,581,false],"2048x2048":["https:\/\/fmnativa.com\/portal\/wp-content\/uploads\/2021\/06\/1-5.jpeg",1032,581,false],"covernews-slider-full":["https:\/\/fmnativa.com\/portal\/wp-content\/uploads\/2021\/06\/1-5.jpeg",1032,581,false],"covernews-slider-center":["https:\/\/fmnativa.com\/portal\/wp-content\/uploads\/2021\/06\/1-5-800x500.jpeg",800,500,true],"covernews-featured":["https:\/\/fmnativa.com\/portal\/wp-content\/uploads\/2021\/06\/1-5-1024x576.jpeg",1024,576,true],"covernews-medium":["https:\/\/fmnativa.com\/portal\/wp-content\/uploads\/2021\/06\/1-5-540x340.jpeg",540,340,true],"covernews-medium-square":["https:\/\/fmnativa.com\/portal\/wp-content\/uploads\/2021\/06\/1-5-400x250.jpeg",400,250,true]},"author_info":{"info":["Fabian"]},"category_info":"<a href=\"https:\/\/fmnativa.com\/portal\/category\/covid-19\/\" rel=\"category tag\">COVID 19<\/a> <a href=\"https:\/\/fmnativa.com\/portal\/category\/locales\/\" rel=\"category tag\">LOCALES<\/a>","tag_info":"LOCALES","comment_count":"0","_links":{"self":[{"href":"https:\/\/fmnativa.com\/portal\/wp-json\/wp\/v2\/posts\/3632","targetHints":{"allow":["GET"]}}],"collection":[{"href":"https:\/\/fmnativa.com\/portal\/wp-json\/wp\/v2\/posts"}],"about":[{"href":"https:\/\/fmnativa.com\/portal\/wp-json\/wp\/v2\/types\/post"}],"author":[{"embeddable":true,"href":"https:\/\/fmnativa.com\/portal\/wp-json\/wp\/v2\/users\/1"}],"replies":[{"embeddable":true,"href":"https:\/\/fmnativa.com\/portal\/wp-json\/wp\/v2\/comments?post=3632"}],"version-history":[{"count":1,"href":"https:\/\/fmnativa.com\/portal\/wp-json\/wp\/v2\/posts\/3632\/revisions"}],"predecessor-version":[{"id":3634,"href":"https:\/\/fmnativa.com\/portal\/wp-json\/wp\/v2\/posts\/3632\/revisions\/3634"}],"wp:featuredmedia":[{"embeddable":true,"href":"https:\/\/fmnativa.com\/portal\/wp-json\/wp\/v2\/media\/3633"}],"wp:attachment":[{"href":"https:\/\/fmnativa.com\/portal\/wp-json\/wp\/v2\/media?parent=3632"}],"wp:term":[{"taxonomy":"category","embeddable":true,"href":"https:\/\/fmnativa.com\/portal\/wp-json\/wp\/v2\/categories?post=3632"},{"taxonomy":"post_tag","embeddable":true,"href":"https:\/\/fmnativa.com\/portal\/wp-json\/wp\/v2\/tags?post=3632"}],"curies":[{"name":"wp","href":"https:\/\/api.w.org\/{rel}","templated":true}]}}