{"id":3639,"date":"2021-06-18T19:15:24","date_gmt":"2021-06-18T22:15:24","guid":{"rendered":"https:\/\/fmnativa.com\/portal\/?p=3639"},"modified":"2021-06-18T19:15:24","modified_gmt":"2021-06-18T22:15:24","slug":"la-ucr-reclama-clases-presenciales-ya","status":"publish","type":"post","link":"https:\/\/fmnativa.com\/portal\/2021\/06\/18\/la-ucr-reclama-clases-presenciales-ya\/","title":{"rendered":"La UCR reclama CLASES PRESENCIALES YA !"},"content":{"rendered":"<div id=\"fb-root\"><\/div>\n<p>El FORO DE INTENDENTES Y PTES. DE COMUNA DE LA UCR, manifestaron su preocupaci\u00f3n e indignaci\u00f3n por una nueva prolongaci\u00f3n de la vuelta a clases presenciales que hace el GOBIERNO PROVINCIAL.<\/p>\n<p>Lo hicieron saber a travez de un comunicado<\/p>\n<a href=\"https:\/\/fmnativa.com\/portal\/wp-content\/uploads\/2021\/06\/COMUNICADO-FORO.-CLASES-PRESENCIALES-YA.pdf\" class=\"pdfemb-viewer\" style=\"\" data-width=\"max\" data-height=\"max\" data-toolbar=\"bottom\" data-toolbar-fixed=\"off\">COMUNICADO FORO. CLASES PRESENCIALES YA!!<\/a>\n","protected":false},"excerpt":{"rendered":"<p>El FORO DE INTENDENTES Y PTES. DE COMUNA DE LA UCR, manifestaron su preocupaci\u00f3n e&#8230;<\/p>\n","protected":false},"author":1,"featured_media":3641,"comment_status":"closed","ping_status":"closed","sticky":false,"template":"","format":"standard","meta":{"footnotes":""},"categories":[6],"tags":[1165,26,1164,1166,1167],"class_list":["post-3639","post","type-post","status-publish","format-standard","has-post-thumbnail","hentry","category-regionales","tag-clasespresencialesya","tag-educacion","tag-politac","tag-ucr","tag-unioncivicaradical"],"featured_image_urls":{"full":["https:\/\/fmnativa.com\/portal\/wp-content\/uploads\/2021\/06\/imagen_2021-06-18_191458.png",805,432,false],"thumbnail":["https:\/\/fmnativa.com\/portal\/wp-content\/uploads\/2021\/06\/imagen_2021-06-18_191458-150x150.png",150,150,true],"medium":["https:\/\/fmnativa.com\/portal\/wp-content\/uploads\/2021\/06\/imagen_2021-06-18_191458-300x161.png",300,161,true],"medium_large":["https:\/\/fmnativa.com\/portal\/wp-content\/uploads\/2021\/06\/imagen_2021-06-18_191458-768x412.png",640,343,true],"large":["https:\/\/fmnativa.com\/portal\/wp-content\/uploads\/2021\/06\/imagen_2021-06-18_191458.png",640,343,false],"1536x1536":["https:\/\/fmnativa.com\/portal\/wp-content\/uploads\/2021\/06\/imagen_2021-06-18_191458.png",805,432,false],"2048x2048":["https:\/\/fmnativa.com\/portal\/wp-content\/uploads\/2021\/06\/imagen_2021-06-18_191458.png",805,432,false],"covernews-slider-full":["https:\/\/fmnativa.com\/portal\/wp-content\/uploads\/2021\/06\/imagen_2021-06-18_191458.png",805,432,false],"covernews-slider-center":["https:\/\/fmnativa.com\/portal\/wp-content\/uploads\/2021\/06\/imagen_2021-06-18_191458-800x432.png",800,432,true],"covernews-featured":["https:\/\/fmnativa.com\/portal\/wp-content\/uploads\/2021\/06\/imagen_2021-06-18_191458.png",805,432,false],"covernews-medium":["https:\/\/fmnativa.com\/portal\/wp-content\/uploads\/2021\/06\/imagen_2021-06-18_191458-540x340.png",540,340,true],"covernews-medium-square":["https:\/\/fmnativa.com\/portal\/wp-content\/uploads\/2021\/06\/imagen_2021-06-18_191458-400x250.png",400,250,true]},"author_info":{"info":["Fabian"]},"category_info":"<a href=\"https:\/\/fmnativa.com\/portal\/category\/regionales\/\" rel=\"category tag\">REGIONALES<\/a>","tag_info":"REGIONALES","comment_count":"0","_links":{"self":[{"href":"https:\/\/fmnativa.com\/portal\/wp-json\/wp\/v2\/posts\/3639","targetHints":{"allow":["GET"]}}],"collection":[{"href":"https:\/\/fmnativa.com\/portal\/wp-json\/wp\/v2\/posts"}],"about":[{"href":"https:\/\/fmnativa.com\/portal\/wp-json\/wp\/v2\/types\/post"}],"author":[{"embeddable":true,"href":"https:\/\/fmnativa.com\/portal\/wp-json\/wp\/v2\/users\/1"}],"replies":[{"embeddable":true,"href":"https:\/\/fmnativa.com\/portal\/wp-json\/wp\/v2\/comments?post=3639"}],"version-history":[{"count":1,"href":"https:\/\/fmnativa.com\/portal\/wp-json\/wp\/v2\/posts\/3639\/revisions"}],"predecessor-version":[{"id":3642,"href":"https:\/\/fmnativa.com\/portal\/wp-json\/wp\/v2\/posts\/3639\/revisions\/3642"}],"wp:featuredmedia":[{"embeddable":true,"href":"https:\/\/fmnativa.com\/portal\/wp-json\/wp\/v2\/media\/3641"}],"wp:attachment":[{"href":"https:\/\/fmnativa.com\/portal\/wp-json\/wp\/v2\/media?parent=3639"}],"wp:term":[{"taxonomy":"category","embeddable":true,"href":"https:\/\/fmnativa.com\/portal\/wp-json\/wp\/v2\/categories?post=3639"},{"taxonomy":"post_tag","embeddable":true,"href":"https:\/\/fmnativa.com\/portal\/wp-json\/wp\/v2\/tags?post=3639"}],"curies":[{"name":"wp","href":"https:\/\/api.w.org\/{rel}","templated":true}]}}