{"id":3653,"date":"2021-06-18T23:51:43","date_gmt":"2021-06-19T02:51:43","guid":{"rendered":"https:\/\/fmnativa.com\/portal\/?p=3653"},"modified":"2021-06-18T23:52:08","modified_gmt":"2021-06-19T02:52:08","slug":"educacion-vuelven-las-clases-en-nivel-inicial-y-primarioen-modalidad-presenciales-en-muchisimas-ciudades-en-reconquista-no","status":"publish","type":"post","link":"https:\/\/fmnativa.com\/portal\/2021\/06\/18\/educacion-vuelven-las-clases-en-nivel-inicial-y-primarioen-modalidad-presenciales-en-muchisimas-ciudades-en-reconquista-no\/","title":{"rendered":"VUELVEN LAS CLASES EN NIVEL INICIAL y PRIMARIO EN MODALIDAD PRESENCIALES EN MUCHISIMAS CIUDADES&#8230; EN RECONQUISTA NO"},"content":{"rendered":"<div id=\"fb-root\"><\/div>\n<p>Vuelven las clases presenciales para el nivel INICIAL y PRIMARIO en pr\u00e1cticamente toda la provincia a <strong>excepci\u00f3n de<\/strong> 18 ciudades entre las que se encuentra <strong>RECONQUISTA<\/strong>. As\u00ed lo inform\u00f3 este viernes el Ministerio de Educaci\u00f3n a trav\u00e9s de la Circular 16.<\/p>\n<p>AQUI LA CIRCULAR<\/p>\n<a href=\"https:\/\/fmnativa.com\/portal\/wp-content\/uploads\/2021\/06\/Circular-N\u00b0-016.2021.pdf\" class=\"pdfemb-viewer\" style=\"\" data-width=\"max\" data-height=\"max\" data-toolbar=\"bottom\" data-toolbar-fixed=\"off\">Circular N\u00b0 016.2021<\/a>\n<p>&nbsp;<\/p>\n<p>&nbsp;<\/p>\n","protected":false},"excerpt":{"rendered":"<p>Vuelven las clases presenciales para el nivel INICIAL y PRIMARIO en pr\u00e1cticamente toda la provincia&#8230;<\/p>\n","protected":false},"author":1,"featured_media":0,"comment_status":"closed","ping_status":"closed","sticky":false,"template":"","format":"standard","meta":{"footnotes":""},"categories":[5,7],"tags":[16,1171,26,643,37],"class_list":["post-3653","post","type-post","status-publish","format-standard","hentry","category-locales","category-provinciales","tag-avellaneda","tag-clasespresenciales","tag-educacion","tag-provinciadesantafe","tag-reconquista"],"featured_image_urls":{"full":"","thumbnail":"","medium":"","medium_large":"","large":"","1536x1536":"","2048x2048":"","covernews-slider-full":"","covernews-slider-center":"","covernews-featured":"","covernews-medium":"","covernews-medium-square":""},"author_info":{"info":["Fabian"]},"category_info":"<a href=\"https:\/\/fmnativa.com\/portal\/category\/locales\/\" rel=\"category tag\">LOCALES<\/a> <a href=\"https:\/\/fmnativa.com\/portal\/category\/provinciales\/\" rel=\"category tag\">PROVINCIALES<\/a>","tag_info":"PROVINCIALES","comment_count":"0","_links":{"self":[{"href":"https:\/\/fmnativa.com\/portal\/wp-json\/wp\/v2\/posts\/3653","targetHints":{"allow":["GET"]}}],"collection":[{"href":"https:\/\/fmnativa.com\/portal\/wp-json\/wp\/v2\/posts"}],"about":[{"href":"https:\/\/fmnativa.com\/portal\/wp-json\/wp\/v2\/types\/post"}],"author":[{"embeddable":true,"href":"https:\/\/fmnativa.com\/portal\/wp-json\/wp\/v2\/users\/1"}],"replies":[{"embeddable":true,"href":"https:\/\/fmnativa.com\/portal\/wp-json\/wp\/v2\/comments?post=3653"}],"version-history":[{"count":2,"href":"https:\/\/fmnativa.com\/portal\/wp-json\/wp\/v2\/posts\/3653\/revisions"}],"predecessor-version":[{"id":3657,"href":"https:\/\/fmnativa.com\/portal\/wp-json\/wp\/v2\/posts\/3653\/revisions\/3657"}],"wp:attachment":[{"href":"https:\/\/fmnativa.com\/portal\/wp-json\/wp\/v2\/media?parent=3653"}],"wp:term":[{"taxonomy":"category","embeddable":true,"href":"https:\/\/fmnativa.com\/portal\/wp-json\/wp\/v2\/categories?post=3653"},{"taxonomy":"post_tag","embeddable":true,"href":"https:\/\/fmnativa.com\/portal\/wp-json\/wp\/v2\/tags?post=3653"}],"curies":[{"name":"wp","href":"https:\/\/api.w.org\/{rel}","templated":true}]}}