{"id":3678,"date":"2021-06-23T20:18:06","date_gmt":"2021-06-23T23:18:06","guid":{"rendered":"https:\/\/fmnativa.com\/portal\/?p=3678"},"modified":"2021-06-24T18:40:25","modified_gmt":"2021-06-24T21:40:25","slug":"formula-del-noreste-debutara-franco-de-la-rosa-dijo-lo-suyo-en-pone-la-quinta","status":"publish","type":"post","link":"https:\/\/fmnativa.com\/portal\/2021\/06\/23\/formula-del-noreste-debutara-franco-de-la-rosa-dijo-lo-suyo-en-pone-la-quinta\/","title":{"rendered":"F\u00f3rmula del Noreste &#8211; Debutar\u00e1 FRANCO DE LA ROSA ? &#8230; Dijo lo suyo en PONE LA QUINTA"},"content":{"rendered":"<div id=\"fb-root\"><\/div>\n<p>El oriundo de Moussy se hizo presente en las dos pruebas libres que llev\u00f3 adelante el Reconquista Auto Club en su aut\u00f3dromo.<\/p>\n<p>Franco nos cont\u00f3 que el primero sirvi\u00f3 para aprender de que se trataba y que el la del S\u00e1bado pasado ya empez\u00f3 a tratar de andar r\u00e1pido.<\/p>\n<p>Las pruebas las est\u00e1 realizando en el auto con el que fuera campe\u00f3n ALEXIS RENIERO, hoy propiedad de MATIAS ESCOBAR..<\/p>\n<p><strong>Escuchalo a FRANCO DE LA ROSA<\/strong><\/p>\n<audio class=\"wp-audio-shortcode\" id=\"audio-3678-1\" preload=\"none\" style=\"width: 100%;\" controls=\"controls\"><source type=\"audio\/mpeg\" src=\"https:\/\/fmnativa.com\/portal\/wp-content\/uploads\/2021\/06\/22-06-2021-FRANCO-DE-LA-ROSA.mp3?_=1\" \/><a href=\"https:\/\/fmnativa.com\/portal\/wp-content\/uploads\/2021\/06\/22-06-2021-FRANCO-DE-LA-ROSA.mp3\">https:\/\/fmnativa.com\/portal\/wp-content\/uploads\/2021\/06\/22-06-2021-FRANCO-DE-LA-ROSA.mp3<\/a><\/audio>\n<p>&nbsp;<\/p>\n<p>Foto Mart\u00edn Ruiz Diaz<\/p>\n<p style=\"text-align: center;\"><img fetchpriority=\"high\" decoding=\"async\" class=\"alignnone wp-image-3405\" src=\"https:\/\/fmnativa.com\/portal\/wp-content\/uploads\/2021\/06\/7-300x300.jpg\" alt=\"\" width=\"390\" height=\"390\" srcset=\"https:\/\/fmnativa.com\/portal\/wp-content\/uploads\/2021\/06\/7-300x300.jpg 300w, https:\/\/fmnativa.com\/portal\/wp-content\/uploads\/2021\/06\/7-1024x1024.jpg 1024w, https:\/\/fmnativa.com\/portal\/wp-content\/uploads\/2021\/06\/7-150x150.jpg 150w, https:\/\/fmnativa.com\/portal\/wp-content\/uploads\/2021\/06\/7-768x768.jpg 768w, https:\/\/fmnativa.com\/portal\/wp-content\/uploads\/2021\/06\/7.jpg 1080w\" sizes=\"(max-width: 390px) 100vw, 390px\" \/><\/p>\n","protected":false},"excerpt":{"rendered":"<p>El oriundo de Moussy se hizo presente en las dos pruebas libres que llev\u00f3 adelante&#8230;<\/p>\n","protected":false},"author":1,"featured_media":3679,"comment_status":"closed","ping_status":"closed","sticky":false,"template":"","format":"standard","meta":{"footnotes":""},"categories":[48,5,10],"tags":[1088,105,1084,622,1083,1097,691,411,625],"class_list":["post-3678","post","type-post","status-publish","format-standard","has-post-thumbnail","hentry","category-deportes","category-locales","category-ponelaquinta","tag-969nativa","tag-automovilismo","tag-fmnativa","tag-formuladelnoreste","tag-nativa969","tag-plq","tag-ponelaquinta","tag-rac","tag-reconquistaautoclub"],"featured_image_urls":{"full":["https:\/\/fmnativa.com\/portal\/wp-content\/uploads\/2021\/06\/1-9.jpeg",713,473,false],"thumbnail":["https:\/\/fmnativa.com\/portal\/wp-content\/uploads\/2021\/06\/1-9-150x150.jpeg",150,150,true],"medium":["https:\/\/fmnativa.com\/portal\/wp-content\/uploads\/2021\/06\/1-9-300x199.jpeg",300,199,true],"medium_large":["https:\/\/fmnativa.com\/portal\/wp-content\/uploads\/2021\/06\/1-9.jpeg",640,425,false],"large":["https:\/\/fmnativa.com\/portal\/wp-content\/uploads\/2021\/06\/1-9.jpeg",640,425,false],"1536x1536":["https:\/\/fmnativa.com\/portal\/wp-content\/uploads\/2021\/06\/1-9.jpeg",713,473,false],"2048x2048":["https:\/\/fmnativa.com\/portal\/wp-content\/uploads\/2021\/06\/1-9.jpeg",713,473,false],"covernews-slider-full":["https:\/\/fmnativa.com\/portal\/wp-content\/uploads\/2021\/06\/1-9.jpeg",713,473,false],"covernews-slider-center":["https:\/\/fmnativa.com\/portal\/wp-content\/uploads\/2021\/06\/1-9.jpeg",713,473,false],"covernews-featured":["https:\/\/fmnativa.com\/portal\/wp-content\/uploads\/2021\/06\/1-9.jpeg",713,473,false],"covernews-medium":["https:\/\/fmnativa.com\/portal\/wp-content\/uploads\/2021\/06\/1-9-540x340.jpeg",540,340,true],"covernews-medium-square":["https:\/\/fmnativa.com\/portal\/wp-content\/uploads\/2021\/06\/1-9-400x250.jpeg",400,250,true]},"author_info":{"info":["Fabian"]},"category_info":"<a href=\"https:\/\/fmnativa.com\/portal\/category\/deportes\/\" rel=\"category tag\">DEPORTES<\/a> <a href=\"https:\/\/fmnativa.com\/portal\/category\/locales\/\" rel=\"category tag\">LOCALES<\/a> <a href=\"https:\/\/fmnativa.com\/portal\/category\/ponelaquinta\/\" rel=\"category tag\">Pon\u00e9 La Quinta<\/a>","tag_info":"Pon\u00e9 La Quinta","comment_count":"0","_links":{"self":[{"href":"https:\/\/fmnativa.com\/portal\/wp-json\/wp\/v2\/posts\/3678","targetHints":{"allow":["GET"]}}],"collection":[{"href":"https:\/\/fmnativa.com\/portal\/wp-json\/wp\/v2\/posts"}],"about":[{"href":"https:\/\/fmnativa.com\/portal\/wp-json\/wp\/v2\/types\/post"}],"author":[{"embeddable":true,"href":"https:\/\/fmnativa.com\/portal\/wp-json\/wp\/v2\/users\/1"}],"replies":[{"embeddable":true,"href":"https:\/\/fmnativa.com\/portal\/wp-json\/wp\/v2\/comments?post=3678"}],"version-history":[{"count":3,"href":"https:\/\/fmnativa.com\/portal\/wp-json\/wp\/v2\/posts\/3678\/revisions"}],"predecessor-version":[{"id":3686,"href":"https:\/\/fmnativa.com\/portal\/wp-json\/wp\/v2\/posts\/3678\/revisions\/3686"}],"wp:featuredmedia":[{"embeddable":true,"href":"https:\/\/fmnativa.com\/portal\/wp-json\/wp\/v2\/media\/3679"}],"wp:attachment":[{"href":"https:\/\/fmnativa.com\/portal\/wp-json\/wp\/v2\/media?parent=3678"}],"wp:term":[{"taxonomy":"category","embeddable":true,"href":"https:\/\/fmnativa.com\/portal\/wp-json\/wp\/v2\/categories?post=3678"},{"taxonomy":"post_tag","embeddable":true,"href":"https:\/\/fmnativa.com\/portal\/wp-json\/wp\/v2\/tags?post=3678"}],"curies":[{"name":"wp","href":"https:\/\/api.w.org\/{rel}","templated":true}]}}