{"id":3688,"date":"2021-06-24T19:36:53","date_gmt":"2021-06-24T22:36:53","guid":{"rendered":"https:\/\/fmnativa.com\/portal\/?p=3688"},"modified":"2021-06-24T19:38:42","modified_gmt":"2021-06-24T22:38:42","slug":"hoy-es-el-dia-del-piloto-de-automovilismo","status":"publish","type":"post","link":"https:\/\/fmnativa.com\/portal\/2021\/06\/24\/hoy-es-el-dia-del-piloto-de-automovilismo\/","title":{"rendered":"HOY ES EL DIA DEL PILOTO DE AUTOMOVILISMO"},"content":{"rendered":"<div id=\"fb-root\"><\/div>\n<p>Si vas a una carrera a ganar y no a ser parte la procesi\u00f3n<\/p>\n<p>Si te casaste con un Auto o un karting y tu sangre tiene m\u00e1s nafta que hemoglobina<\/p>\n<p>Si correr, competir, lo llevas en la sangre y es parte de tu vida<\/p>\n<p>Y si cuando estas en la pista, frenas un segundo despu\u00e9s de lo que indica el sentido com\u00fan y aceleras un segundo antes de lo que impera la l\u00f3gica, pero adem\u00e1s si sabes que los pedales est\u00e1n para pisarlos a fondo. Es decir \u2026 Si quitas el pie del acelerador es para apurar una frenada y si sueltas el pie del freno es para volver a dar gas al m\u00e1ximo.<\/p>\n<p>Si cuando queres ir m\u00e1s r\u00e1pido no corres m\u00e1s &#8230; te concentras m\u00e1s &#8230;<\/p>\n<p>Y si te das cuenta de que cuando todo parece bajo control, es que no vas suficientemente r\u00e1pido\u2026. Porque sabes que nunca vas a conocer los limites si no tratas de sobrepasarlos<\/p>\n<p>Y si sos consciente que a 273 km\/h te sal\u00eds en una curva, pero a 271 te pasa el segundo<\/p>\n<p><strong><em>Si todo o casi todo esto que escribimos es parte de tu manera de pensar &#8230;<\/em><\/strong><\/p>\n<p><strong>NUESTRO SALUDO ES PARA VOS !!!<\/strong><\/p>\n<h2 style=\"text-align: center;\"><span style=\"color: #ff0000;\"><strong>FELIZ DIA&#8230; PILOTO !!!<\/strong><\/span><\/h2>\n<p>Y cierro parafraseando al gran JUAN MANUEL FANGIO\u2026 \u201c<em><strong>Muchos creen que saber pilotar es saber volantear. Saber pilotar es mucho m\u00e1s: es saber frenar, es todo un arte frenar<\/strong><\/em><\/p>\n<p>&nbsp;<\/p>\n<p><strong>Porque se celebra el d\u00eda del Piloto?<\/strong><\/p>\n<p class=\"com-paragraph --capital --s\">Hoy en la Argentina se celebra el <strong>D\u00eda Nacional del Piloto,\u00a0<\/strong>establecido desde el 2007, en referencia al\u00a0<strong>24 de junio\u00a0de 1911<\/strong>, d\u00eda en que naci\u00f3 uno de los grandes automovilistas profesionales de todos los tiempos:\u00a0<strong>Juan Manuel Fangio<\/strong>.<\/p>\n<p class=\"com-paragraph --s\">Resuelta por la Comisi\u00f3n Deportiva Automovil\u00edstica y la Asociaci\u00f3n Corredores Turismo Carretera, esta iniciativa tiene como fin celebrar la existencia del\u00a0<strong>qu\u00edntuple campe\u00f3n mundial en F\u00f3rmula 1<\/strong>\u00a0y festejar una de las\u00a0<strong>profesiones m\u00e1s tradicionales del deporte argentino<\/strong>.<\/p>\n<div class=\"mod-banner --middle_1_dsk\">\n<div id=\"middle_1_dsk\" class=\"com-banner\" data-google-query-id=\"CKjVhsKpsfECFfwDuQYdY6sEPA\">\n<h3 class=\"com-title --m\">Juan Manuel Fangio: el mejor piloto argentino de todos los tiempos<\/h3>\n<p class=\"com-paragraph --s\">Nacido en Balcarce, provincia de Buenos Aires, desde muy chico\u00a0<strong>Juan Manuel Fangio<\/strong>\u00a0se dedic\u00f3 al estudio de la\u00a0<strong>mec\u00e1nica automovil\u00edstica<\/strong>. Como piloto de Turismo Carretera, tuvo su debut en 1938 y desarroll\u00f3 una extensa carrera a lo largo de la d\u00e9cada de 1940.<\/p>\n<p class=\"com-paragraph --s\">Luego vendr\u00edan los tiempos del \u00e9xito mundial. Como piloto de F\u00f3rmula 1, fue\u00a0<strong>cinco veces campe\u00f3n de la m\u00e1xima categor\u00eda del automovilismo profesional<\/strong>. Por otra parte, adem\u00e1s de los t\u00edtulos obtenidos en 1951, 1954, 1955, 1956 y 1957, hay que destacar que fue subcampe\u00f3n del mundo en dos oportunidades (en 1950 y en 1953).<\/p>\n<p class=\"com-paragraph --s\">En total fueron\u00a0<strong>24 triunfos<\/strong>\u00a0en 51 Grandes Premios de F\u00f3rmula 1, con 35 podios y 29 \u201cpole positions\u201d.<\/p>\n<p class=\"com-paragraph --s\">Durante casi medio siglo, el \u201cChueco\u201d ostent\u00f3 el r\u00e9cord de ser el m\u00e1ximo campe\u00f3n en pilotos de F\u00f3rmula 1: lo hizo hasta que\u00a0<strong>Michael Schumacher<\/strong>\u00a0lo igual\u00f3 y lo super\u00f3 en 2002 y 2003 respectivamente.<\/p>\n<p class=\"com-paragraph --s\">Idolatrado en su pa\u00eds y respetado en todo el mundo, Fangio supo dejar su huella y tiene, en el\u00a0<strong>D\u00eda Nacional del Piloto<\/strong>, su homenaje m\u00e1s que merecido.<\/p>\n<h3 class=\"com-title --m\">El reconocimiento de grandes campeones a Juan Manuel Fangio<\/h3>\n<p class=\"com-paragraph --s\">Cuando Michael Schumacher no paraba de acumular victorias en la m\u00e1xima categor\u00eda del automovilismo profesional y el r\u00e9cord de Fangio estaba cerca de ser superado, las comparaciones estuvieron a la orden del d\u00eda.<\/p>\n<p class=\"com-paragraph --s\">Al respecto,\u00a0<strong>Schumacher<\/strong>\u00a0fue claro y contundente al hacer menci\u00f3n de que Fangio logr\u00f3 sus campeonatos en tiempos en los que la tecnolog\u00eda de los veh\u00edculos era muy distinta a la actual y en la que no exist\u00edan las medidas de seguridad que hay ahora.<\/p>\n<p class=\"com-paragraph --s\">\u201cNo creo que sea justo compararme con Fangio, pues ahora los autos son m\u00e1s seguros, y logr\u00f3 sus campeonatos a una tremenda velocidad teniendo en cuenta los veh\u00edculos que exist\u00edan en su tiempo.\u00a0<strong>Fangio fue muy superior a nosotros<\/strong>\u201d, fueron las palabras del alem\u00e1n siete veces campe\u00f3n del mundo.<\/p>\n<p class=\"com-paragraph --s\"><strong>Niki Lauda<\/strong>\u00a0dijo simplemente que Fangio \u201c<strong>fue el mejor de todos<\/strong>\u201d. A su vez, se destacan tambi\u00e9n las declaraciones del piloto brasilero\u00a0<strong>Ayrton<\/strong><strong> Senna<\/strong>.<\/p>\n<p class=\"com-paragraph --s\">Entrevistado por El Gr\u00e1fico, Senna dijo que \u201c<strong>\u00e9l no solo fue el mayor ganador de todos los tiempos<\/strong>, con cinco t\u00edtulos, sino que lo logr\u00f3 en una \u00e9poca de las carreras donde el estilo con el cual se manejaba, se compet\u00eda, se venc\u00eda, era lo m\u00e1s importante\u201d.<\/p>\n<p class=\"com-paragraph --s\">En l\u00ednea con esto, tambi\u00e9n agreg\u00f3: \u201cNo son solo sus victorias, sino las actitudes, el comportamiento suyo, como profesional y como hombre, los que marcaron mucho a nuestra generaci\u00f3n\u201d.<\/p>\n<p class=\"com-paragraph --s\">Hoy en d\u00eda, el legado del Chueco no pierde vigencia. A nivel mundial, sigue siendo recordado como uno de los grandes corredores de todos los tiempos. En la Argentina, cuenta con su propio d\u00eda y tambi\u00e9n con el\u00a0<strong>Museo del Automovilismo Juan Manuel Fangio<\/strong>, en su ciudad natal.<\/p>\n<\/div>\n<\/div>\n","protected":false},"excerpt":{"rendered":"<p>Si vas a una carrera a ganar y no a ser parte la procesi\u00f3n Si&#8230;<\/p>\n","protected":false},"author":1,"featured_media":3689,"comment_status":"closed","ping_status":"closed","sticky":false,"template":"","format":"standard","meta":{"footnotes":""},"categories":[48,5,8,10],"tags":[1172,1174,1082,1173,1083,1097,691],"class_list":["post-3688","post","type-post","status-publish","format-standard","has-post-thumbnail","hentry","category-deportes","category-locales","category-nacionales","category-ponelaquinta","tag-diadelpiloto","tag-fangio","tag-fmnativa969","tag-juanmanuelfangio","tag-nativa969","tag-plq","tag-ponelaquinta"],"featured_image_urls":{"full":["https:\/\/fmnativa.com\/portal\/wp-content\/uploads\/2021\/06\/1-18.jpg",879,586,false],"thumbnail":["https:\/\/fmnativa.com\/portal\/wp-content\/uploads\/2021\/06\/1-18-150x150.jpg",150,150,true],"medium":["https:\/\/fmnativa.com\/portal\/wp-content\/uploads\/2021\/06\/1-18-300x200.jpg",300,200,true],"medium_large":["https:\/\/fmnativa.com\/portal\/wp-content\/uploads\/2021\/06\/1-18-768x512.jpg",640,427,true],"large":["https:\/\/fmnativa.com\/portal\/wp-content\/uploads\/2021\/06\/1-18.jpg",640,427,false],"1536x1536":["https:\/\/fmnativa.com\/portal\/wp-content\/uploads\/2021\/06\/1-18.jpg",879,586,false],"2048x2048":["https:\/\/fmnativa.com\/portal\/wp-content\/uploads\/2021\/06\/1-18.jpg",879,586,false],"covernews-slider-full":["https:\/\/fmnativa.com\/portal\/wp-content\/uploads\/2021\/06\/1-18.jpg",879,586,false],"covernews-slider-center":["https:\/\/fmnativa.com\/portal\/wp-content\/uploads\/2021\/06\/1-18-800x500.jpg",800,500,true],"covernews-featured":["https:\/\/fmnativa.com\/portal\/wp-content\/uploads\/2021\/06\/1-18.jpg",879,586,false],"covernews-medium":["https:\/\/fmnativa.com\/portal\/wp-content\/uploads\/2021\/06\/1-18-540x340.jpg",540,340,true],"covernews-medium-square":["https:\/\/fmnativa.com\/portal\/wp-content\/uploads\/2021\/06\/1-18-400x250.jpg",400,250,true]},"author_info":{"info":["Fabian"]},"category_info":"<a href=\"https:\/\/fmnativa.com\/portal\/category\/deportes\/\" rel=\"category tag\">DEPORTES<\/a> <a href=\"https:\/\/fmnativa.com\/portal\/category\/locales\/\" rel=\"category tag\">LOCALES<\/a> <a href=\"https:\/\/fmnativa.com\/portal\/category\/nacionales\/\" rel=\"category tag\">Nacionales<\/a> <a href=\"https:\/\/fmnativa.com\/portal\/category\/ponelaquinta\/\" rel=\"category tag\">Pon\u00e9 La Quinta<\/a>","tag_info":"Pon\u00e9 La Quinta","comment_count":"0","_links":{"self":[{"href":"https:\/\/fmnativa.com\/portal\/wp-json\/wp\/v2\/posts\/3688","targetHints":{"allow":["GET"]}}],"collection":[{"href":"https:\/\/fmnativa.com\/portal\/wp-json\/wp\/v2\/posts"}],"about":[{"href":"https:\/\/fmnativa.com\/portal\/wp-json\/wp\/v2\/types\/post"}],"author":[{"embeddable":true,"href":"https:\/\/fmnativa.com\/portal\/wp-json\/wp\/v2\/users\/1"}],"replies":[{"embeddable":true,"href":"https:\/\/fmnativa.com\/portal\/wp-json\/wp\/v2\/comments?post=3688"}],"version-history":[{"count":3,"href":"https:\/\/fmnativa.com\/portal\/wp-json\/wp\/v2\/posts\/3688\/revisions"}],"predecessor-version":[{"id":3692,"href":"https:\/\/fmnativa.com\/portal\/wp-json\/wp\/v2\/posts\/3688\/revisions\/3692"}],"wp:featuredmedia":[{"embeddable":true,"href":"https:\/\/fmnativa.com\/portal\/wp-json\/wp\/v2\/media\/3689"}],"wp:attachment":[{"href":"https:\/\/fmnativa.com\/portal\/wp-json\/wp\/v2\/media?parent=3688"}],"wp:term":[{"taxonomy":"category","embeddable":true,"href":"https:\/\/fmnativa.com\/portal\/wp-json\/wp\/v2\/categories?post=3688"},{"taxonomy":"post_tag","embeddable":true,"href":"https:\/\/fmnativa.com\/portal\/wp-json\/wp\/v2\/tags?post=3688"}],"curies":[{"name":"wp","href":"https:\/\/api.w.org\/{rel}","templated":true}]}}