{"id":393,"date":"2020-09-03T16:16:51","date_gmt":"2020-09-03T16:16:51","guid":{"rendered":"https:\/\/fmnativa.com\/portal\/?p=393"},"modified":"2020-09-03T16:16:51","modified_gmt":"2020-09-03T16:16:51","slug":"reconquista-modificaron-la-ordenanza-referida-a-la-actividad-de-quema","status":"publish","type":"post","link":"https:\/\/fmnativa.com\/portal\/2020\/09\/03\/reconquista-modificaron-la-ordenanza-referida-a-la-actividad-de-quema\/","title":{"rendered":"Reconquista &#8211; MODIFICARON LA ORDENANZA REFERIDA A LA ACTIVIDAD DE QUEMA."},"content":{"rendered":"<div id=\"fb-root\"><\/div>\n<p><strong>En el d\u00eda de hoy, jueves 03 de septiembre, se ha llevado a cabo una nueva sesi\u00f3n ordinaria en el Honorable Concejo Municipal de Reconquista.<\/strong><strong>\u00a0<\/strong><\/p>\n<p>El Concejal Gallo nos hizo llegar a nuestra redacci\u00f3n los proyectos de su autor\u00eda:<\/p>\n<p>Se aprob\u00f3 en forma un\u00e1nime el <strong><em>Proyecto <\/em><\/strong><strong><em>\u00a0que modifica la actual Ordenanza Municipal 7349\/13 referida a la Actividad de Quema.<\/em><\/strong><\/p>\n<p>Mediante esta modificaci\u00f3n se cre\u00f3 una \u201c<strong>Comisi\u00f3n Local de Control de Actividades de Quema\u201d, <\/strong>la cual trabajar\u00e1 en forma conjunta y coordinada con la Secretar\u00eda de Gobierno, Seguridad y Participaci\u00f3n Ciudadana de la Municipalidad de Reconquista <em>para regular y controlar \u00e9sta actividad.<\/em><\/p>\n<p>Para esto, se habilitar\u00e1 un espacio de Registro Digital, donde cada ciudadano que pretenda llevar a cabo esta actividad, deber\u00e1 inscribirse 7 d\u00edas antes, pidiendo que se analice la viabilidad de dicha solicitud.<\/p>\n<p>Los \u00f3rganos de aplicaci\u00f3n deber\u00e1n otorgar una respuesta dentro de las 48 horas, contadas desde que el ciudadano present\u00f3 la solicitud.<\/p>\n<p><strong><em>\u201cLa \u00fanica manera de mejorar la calidad del medio ambiente, es involucrarnos realmente\u201d.<\/em><\/strong><\/p>\n<p>&nbsp;<\/p>\n<p><strong><em>\u00a0<\/em><\/strong>Por otra parte, present\u00e9 un <strong>Proyecto de Comunicaci\u00f3n<\/strong> sobre el estado de abandono en el que se encuentra la Plazoleta Albacete del Barrio Pucar\u00e1, calle Iriondo 1775,<\/p>\n<p>En \u00e9sta oportunidad solicitamos al Departamento Ejecutivo Municipal acciones necesarias para restauraci\u00f3n de los bancos de cemento que se encuentran deteriorados, con hierros sobresalientes, expuesto a cualquier accidente y que procedan a la restauraci\u00f3n del medidor de la luz.<\/p>\n<p><strong>El mismo fue aprobado por unanimidad.<\/strong><\/p>\n<p>&nbsp;<\/p>\n<p>&nbsp;<\/p>\n","protected":false},"excerpt":{"rendered":"<p>En el d\u00eda de hoy, jueves 03 de septiembre, se ha llevado a cabo una&#8230;<\/p>\n","protected":false},"author":1,"featured_media":394,"comment_status":"closed","ping_status":"closed","sticky":false,"template":"","format":"standard","meta":{"footnotes":""},"categories":[1],"tags":[53,56,55,25,37,54],"class_list":["post-393","post","type-post","status-publish","format-standard","has-post-thumbnail","hentry","category-uncategorized","tag-concejo-deliberante","tag-legislativas","tag-legisltativo","tag-politica","tag-reconquista","tag-sergio-gallo"],"featured_image_urls":{"full":["https:\/\/fmnativa.com\/portal\/wp-content\/uploads\/2020\/09\/1-25.jpg",768,511,false],"thumbnail":["https:\/\/fmnativa.com\/portal\/wp-content\/uploads\/2020\/09\/1-25-150x150.jpg",150,150,true],"medium":["https:\/\/fmnativa.com\/portal\/wp-content\/uploads\/2020\/09\/1-25-300x200.jpg",300,200,true],"medium_large":["https:\/\/fmnativa.com\/portal\/wp-content\/uploads\/2020\/09\/1-25.jpg",640,426,false],"large":["https:\/\/fmnativa.com\/portal\/wp-content\/uploads\/2020\/09\/1-25.jpg",640,426,false],"1536x1536":["https:\/\/fmnativa.com\/portal\/wp-content\/uploads\/2020\/09\/1-25.jpg",768,511,false],"2048x2048":["https:\/\/fmnativa.com\/portal\/wp-content\/uploads\/2020\/09\/1-25.jpg",768,511,false],"covernews-slider-full":["https:\/\/fmnativa.com\/portal\/wp-content\/uploads\/2020\/09\/1-25.jpg",768,511,false],"covernews-slider-center":["https:\/\/fmnativa.com\/portal\/wp-content\/uploads\/2020\/09\/1-25.jpg",751,500,false],"covernews-featured":["https:\/\/fmnativa.com\/portal\/wp-content\/uploads\/2020\/09\/1-25.jpg",768,511,false],"covernews-medium":["https:\/\/fmnativa.com\/portal\/wp-content\/uploads\/2020\/09\/1-25.jpg",511,340,false],"covernews-medium-square":["https:\/\/fmnativa.com\/portal\/wp-content\/uploads\/2020\/09\/1-25.jpg",376,250,false]},"author_info":{"info":["Fabian"]},"category_info":"<a href=\"https:\/\/fmnativa.com\/portal\/category\/uncategorized\/\" rel=\"category tag\">Uncategorized<\/a>","tag_info":"Uncategorized","comment_count":"0","_links":{"self":[{"href":"https:\/\/fmnativa.com\/portal\/wp-json\/wp\/v2\/posts\/393","targetHints":{"allow":["GET"]}}],"collection":[{"href":"https:\/\/fmnativa.com\/portal\/wp-json\/wp\/v2\/posts"}],"about":[{"href":"https:\/\/fmnativa.com\/portal\/wp-json\/wp\/v2\/types\/post"}],"author":[{"embeddable":true,"href":"https:\/\/fmnativa.com\/portal\/wp-json\/wp\/v2\/users\/1"}],"replies":[{"embeddable":true,"href":"https:\/\/fmnativa.com\/portal\/wp-json\/wp\/v2\/comments?post=393"}],"version-history":[{"count":1,"href":"https:\/\/fmnativa.com\/portal\/wp-json\/wp\/v2\/posts\/393\/revisions"}],"predecessor-version":[{"id":395,"href":"https:\/\/fmnativa.com\/portal\/wp-json\/wp\/v2\/posts\/393\/revisions\/395"}],"wp:featuredmedia":[{"embeddable":true,"href":"https:\/\/fmnativa.com\/portal\/wp-json\/wp\/v2\/media\/394"}],"wp:attachment":[{"href":"https:\/\/fmnativa.com\/portal\/wp-json\/wp\/v2\/media?parent=393"}],"wp:term":[{"taxonomy":"category","embeddable":true,"href":"https:\/\/fmnativa.com\/portal\/wp-json\/wp\/v2\/categories?post=393"},{"taxonomy":"post_tag","embeddable":true,"href":"https:\/\/fmnativa.com\/portal\/wp-json\/wp\/v2\/tags?post=393"}],"curies":[{"name":"wp","href":"https:\/\/api.w.org\/{rel}","templated":true}]}}