{"id":396,"date":"2020-09-03T16:34:33","date_gmt":"2020-09-03T16:34:33","guid":{"rendered":"https:\/\/fmnativa.com\/portal\/?p=396"},"modified":"2020-09-03T16:35:58","modified_gmt":"2020-09-03T16:35:58","slug":"396","status":"publish","type":"post","link":"https:\/\/fmnativa.com\/portal\/2020\/09\/03\/396\/","title":{"rendered":"Reconquista: APROBARON PROYECTO PARA ELIMINAR BASURAL EN EL PUERTO"},"content":{"rendered":"<div id=\"fb-root\"><\/div>\n<p>En la sesi\u00f3n del Concejo deliberante de Reconquista llevada adelante hoy, la concejal Fedra Buseghin present\u00f3 un proyecto solicitando la eliminaci\u00f3n de un basural a cielo abierto ubicado al sur del Puerto. Dicho proyecto fue aprobado por unanimidad.<\/p>\n<a href=\"https:\/\/fmnativa.com\/portal\/wp-content\/uploads\/2020\/09\/minutabasural.pdf\" class=\"pdfemb-viewer\" style=\"\" data-width=\"max\" data-height=\"max\" data-toolbar=\"bottom\" data-toolbar-fixed=\"off\">minutabasural<\/a>\n","protected":false},"excerpt":{"rendered":"<p>En la sesi\u00f3n del Concejo deliberante de Reconquista llevada adelante hoy, la concejal Fedra Buseghin&#8230;<\/p>\n","protected":false},"author":1,"featured_media":397,"comment_status":"closed","ping_status":"closed","sticky":false,"template":"","format":"standard","meta":{"footnotes":""},"categories":[5],"tags":[57,53,58,59,56,14,37],"class_list":["post-396","post","type-post","status-publish","format-standard","has-post-thumbnail","hentry","category-locales","tag-basural","tag-concejo-deliberante","tag-fedra-buseghin","tag-juntos-por-el-cambio","tag-legislativas","tag-provincia","tag-reconquista"],"featured_image_urls":{"full":["https:\/\/fmnativa.com\/portal\/wp-content\/uploads\/2020\/09\/1-26.jpg",697,564,false],"thumbnail":["https:\/\/fmnativa.com\/portal\/wp-content\/uploads\/2020\/09\/1-26-150x150.jpg",150,150,true],"medium":["https:\/\/fmnativa.com\/portal\/wp-content\/uploads\/2020\/09\/1-26-300x243.jpg",300,243,true],"medium_large":["https:\/\/fmnativa.com\/portal\/wp-content\/uploads\/2020\/09\/1-26.jpg",640,518,false],"large":["https:\/\/fmnativa.com\/portal\/wp-content\/uploads\/2020\/09\/1-26.jpg",640,518,false],"1536x1536":["https:\/\/fmnativa.com\/portal\/wp-content\/uploads\/2020\/09\/1-26.jpg",697,564,false],"2048x2048":["https:\/\/fmnativa.com\/portal\/wp-content\/uploads\/2020\/09\/1-26.jpg",697,564,false],"covernews-slider-full":["https:\/\/fmnativa.com\/portal\/wp-content\/uploads\/2020\/09\/1-26.jpg",697,564,false],"covernews-slider-center":["https:\/\/fmnativa.com\/portal\/wp-content\/uploads\/2020\/09\/1-26.jpg",618,500,false],"covernews-featured":["https:\/\/fmnativa.com\/portal\/wp-content\/uploads\/2020\/09\/1-26.jpg",697,564,false],"covernews-medium":["https:\/\/fmnativa.com\/portal\/wp-content\/uploads\/2020\/09\/1-26.jpg",420,340,false],"covernews-medium-square":["https:\/\/fmnativa.com\/portal\/wp-content\/uploads\/2020\/09\/1-26.jpg",309,250,false]},"author_info":{"info":["Fabian"]},"category_info":"<a href=\"https:\/\/fmnativa.com\/portal\/category\/locales\/\" rel=\"category tag\">LOCALES<\/a>","tag_info":"LOCALES","comment_count":"0","_links":{"self":[{"href":"https:\/\/fmnativa.com\/portal\/wp-json\/wp\/v2\/posts\/396","targetHints":{"allow":["GET"]}}],"collection":[{"href":"https:\/\/fmnativa.com\/portal\/wp-json\/wp\/v2\/posts"}],"about":[{"href":"https:\/\/fmnativa.com\/portal\/wp-json\/wp\/v2\/types\/post"}],"author":[{"embeddable":true,"href":"https:\/\/fmnativa.com\/portal\/wp-json\/wp\/v2\/users\/1"}],"replies":[{"embeddable":true,"href":"https:\/\/fmnativa.com\/portal\/wp-json\/wp\/v2\/comments?post=396"}],"version-history":[{"count":3,"href":"https:\/\/fmnativa.com\/portal\/wp-json\/wp\/v2\/posts\/396\/revisions"}],"predecessor-version":[{"id":401,"href":"https:\/\/fmnativa.com\/portal\/wp-json\/wp\/v2\/posts\/396\/revisions\/401"}],"wp:featuredmedia":[{"embeddable":true,"href":"https:\/\/fmnativa.com\/portal\/wp-json\/wp\/v2\/media\/397"}],"wp:attachment":[{"href":"https:\/\/fmnativa.com\/portal\/wp-json\/wp\/v2\/media?parent=396"}],"wp:term":[{"taxonomy":"category","embeddable":true,"href":"https:\/\/fmnativa.com\/portal\/wp-json\/wp\/v2\/categories?post=396"},{"taxonomy":"post_tag","embeddable":true,"href":"https:\/\/fmnativa.com\/portal\/wp-json\/wp\/v2\/tags?post=396"}],"curies":[{"name":"wp","href":"https:\/\/api.w.org\/{rel}","templated":true}]}}