{"id":406,"date":"2020-09-03T19:45:54","date_gmt":"2020-09-03T19:45:54","guid":{"rendered":"https:\/\/fmnativa.com\/portal\/?p=406"},"modified":"2020-09-03T19:45:54","modified_gmt":"2020-09-03T19:45:54","slug":"perotti-quiere-impulsar-la-recuperacion-economica","status":"publish","type":"post","link":"https:\/\/fmnativa.com\/portal\/2020\/09\/03\/perotti-quiere-impulsar-la-recuperacion-economica\/","title":{"rendered":"PEROTTi QUIERE IMPULSAR LA RECUPERACION ECONOMICA."},"content":{"rendered":"<div id=\"fb-root\"><\/div>\n<p>Perotti present\u00f3 Santa Fe de Pi\u00e9, un programa para impulsar la recuperaci\u00f3n econ\u00f3mica, productiva e industrial de la provincia<\/p>\n<p>Fue en el marco del \u201cD\u00eda de la Industria\u201d celebrado en la Uni\u00f3n Industrial de Santa Fe<\/p>\n<p>En el marco del D\u00eda de la Industria, el gobernador de Santa Fe, Omar Perotti, anunci\u00f3 un programa de acci\u00f3n para impulsar la reactivaci\u00f3n econ\u00f3mica de la provincia, que incluyen beneficios fiscales y financiamiento para PyMEs, subsidios para las empresas y personas m\u00e1s afectadas por la pandemia, cr\u00e9ditos especiales para acelerar la transformaci\u00f3n digital de industrias y PyMEs, y aportes no reembolsables para estimular la innovaci\u00f3n en las empresas a partir de la vinculaci\u00f3n entre el sistema cient\u00edfico y el sector productivo.<\/p>\n<p>\u00abTenemos que direccionar todas las capacidades de la provincia a reactivar la actividad econ\u00f3mica y generar m\u00e1s empleo, sin descuidar la salud de los santafesinos y santafesinas. Para ello necesitamos incentivar con acciones concretas la puesta en marcha de los motores de nuestras PyMEs con un enfoque inclusivo, que permita respetar el arraigo, generar valor agregado de origen santafesino y oportunidades de empleo de calidad en todo el territorio\u00bb, remarc\u00f3 el Gobernador.<\/p>\n<p>El paquete de medidas contempla un conjunto de l\u00edneas de cr\u00e9dito para capital de trabajo, compra de bienes de capital y prefinanciaci\u00f3n de exportaciones. Con este fin la Provincia comprometi\u00f3 $500 millones para el bonificaci\u00f3n de tasa.<\/p>\n<p>Adem\u00e1s, para aquellas PyMEs con dificultades de contar con avales para la obtenci\u00f3n de cr\u00e9ditos, la Provincia dispondr\u00e1 de $500 millones a trav\u00e9s del Fogar Santa Fe y $100 millones en Garantizar SGR .En total, estos tres instrumentos apalancar\u00e1n un programa que destinar\u00e1 m\u00e1s de $2.000 millones en nuevos cr\u00e9ditos para las mipymes santafesinas.<\/p>\n<p>Los contribuyentes de sectores m\u00e1s comprometidos por la pandemia como el turismo y la gastronom\u00eda podr\u00e1n acceder a beneficios fiscales especiales. En el caso de Hoteles y Alojamientos, podr\u00e1n diferir hasta diciembre del corriente a\u00f1o el pago del impuesto inmobiliario.<\/p>\n<p>Los bares y restaurantes podr\u00e1n diferir los saldos de declaraciones juradas por el impuesto sobre los ingresos brutos.<\/p>\n<p>Adem\u00e1s, se estableci\u00f3 un nuevo Plan Especial de Pagos para deudas impositivas generadas por la pandemia hasta el 31\/08, que se podr\u00e1n cancelar en 12 cuotas y sin inter\u00e9s por financiaci\u00f3n.<\/p>\n<p>Para acompa\u00f1ar la transformaci\u00f3n productiva de las PyMEs a trav\u00e9s de la incorporaci\u00f3n de ciencia y tecnolog\u00eda, se reforzar\u00e1n las l\u00edneas del Programa de Fortalecimiento de las capacidades de Investigaci\u00f3n y Desarrollo de la Provincia de Santa Fe. A trav\u00e9s de la Agencia Santafesina de Ciencia, Tecnolog\u00eda e Innovaci\u00f3n se destinar\u00e1n $145 millones en ANR al financiamiento de proyectos que favorezcan la incorporaci\u00f3n de nuevos conocimientos, desarrollos e innovaciones que permitan mejorar la competitividad del sistema productivo provincial y regional.<\/p>\n<p>\u201cQueremos orientar el conocimiento y las capacidades de nuestra comunidad cient\u00edfica hacia donde tenemos ventajas competitivas. Con esto buscamos favorecer la transferencia tecnol\u00f3gica tanto para la creaci\u00f3n de startups como para la apropiaci\u00f3n de las Pymes y la actualizaci\u00f3n de su estructura productiva\u201d, analiz\u00f3 Perotti, y agreg\u00f3 que \u201cestamos trabajando en la implementaci\u00f3n de nuevos esquemas de colaboraci\u00f3n p\u00fablico-privada para mejorar la gesti\u00f3n de los recursos, apoyar la investigaci\u00f3n cient\u00edfica y el desarrollo de programas de emprendimientos claves para la provincia\u201d.<\/p>\n<p>Con este objetivo y bajo un esquema de co-inversi\u00f3n p\u00fablico-privada, se est\u00e1 trabajando en la creaci\u00f3n de un Fondo Tecnol\u00f3gico Santa Fe que integrar\u00e1 los aportes del sector tecnol\u00f3gico, productivo, institucional, el sector p\u00fablico y entidades multilaterales. El Fondo, que se perfila como el m\u00e1s grande del pa\u00eds, inyectar\u00e1 anualmente $3.000 millones durante la pr\u00f3xima d\u00e9cada y estar\u00e1 destinado a promover el desarrollo de talento local y financiar la creaci\u00f3n de 500 startups de base cient\u00edfica y tecnol\u00f3gica.<\/p>\n<p>Estas medidas se suman a las l\u00edneas vigentes de financiamiento y subsidios que lanz\u00f3 la provincia en el comienzo de la pandemia. Adem\u00e1s, el gobierno provincial remarc\u00f3 la complementariedad de estas acciones con las medidas para la industria anunciadas por el Ministro de Producci\u00f3n de la Naci\u00f3n, que beneficiar\u00e1n a gran cantidad de pymes industriales santafesinas, y a los 49 parques industriales.<\/p>\n<p>Entre las medidas de financiamiento activas para micro, peque\u00f1as y medianas empresas, se destacan los cr\u00e9ditos rotativos de hasta 100 mil pesos a trav\u00e9s de Agencias para el Desarrollo, el Fondo solidario de $300 millones junto al Instituto Nacional de Asociativismo y Econom\u00eda Social (INAES), canalizado a trav\u00e9s de cr\u00e9ditos de hasta $150 mil a Pymes, comercios, locales gastron\u00f3micos, cooperativas de trabajo y emprendedores de la provincia. Adem\u00e1s, para paliar las restricciones financieras de corto plazo de las empresas, como las de turismo, producto de la pandemia, est\u00e1 disponible una l\u00ednea de cr\u00e9ditos de $400 millones a trav\u00e9s del Fondo Federal de Inversiones del CFI.<\/p>\n<p>Como parte del Programa de Asistencia Econ\u00f3mica de Emergencia se otorgaron $191.820.000 a titulares de comercios y servicios no exceptuados que suspendieron sus actividades durante la pandemia.<\/p>\n<p>En cuanto a los subsidios, el Gobierno Provincial determin\u00f3 sostener el congelamiento de las tarifas de los servicios de agua y energ\u00eda, que a la fecha representan ahorros por m\u00e1s de 5.000 millones. Adem\u00e1s, se otorgar\u00e1n ANR entre 10 mil y 50 mil pesos a PyMEs de sectores especialmente afectados por la pandemia como el turismo. Hasta el momento, ya se entregaron $4.750.000 a titulares de caba\u00f1as, hostels, hoster\u00edas, posadas, alojamientos rurales, residenciales, gu\u00edas de pesca y gu\u00edas de turismo. A esto se le suma el un nuevo ahorro de $12 millones para hoteles y centros de convenciones por la suspensi\u00f3n del cobro de la potencia instalada para los pr\u00f3ximos 4 meses.<\/p>\n<p>Estas acciones se complementan con un Plan de Infraestructura para el desarrollo y la generaci\u00f3n de empleo. Este plan busca hacer frente al d\u00e9ficit de infraestructura provincial y priorizar aquellas que implican una mayor creaci\u00f3n de empleo. Se destacan los planes de obras en vivienda, agua, cloaca, y tambi\u00e9n las orientadas a potenciar la productividad tales como caminos rurales, rutas, gas y energ\u00eda.<\/p>\n<p>&nbsp;<\/p>\n","protected":false},"excerpt":{"rendered":"<p>Perotti present\u00f3 Santa Fe de Pi\u00e9, un programa para impulsar la recuperaci\u00f3n econ\u00f3mica, productiva e&#8230;<\/p>\n","protected":false},"author":1,"featured_media":407,"comment_status":"closed","ping_status":"closed","sticky":false,"template":"","format":"standard","meta":{"footnotes":""},"categories":[7],"tags":[62,25,15],"class_list":["post-406","post","type-post","status-publish","format-standard","has-post-thumbnail","hentry","category-provinciales","tag-economia","tag-politica","tag-santa-fe"],"featured_image_urls":{"full":["https:\/\/fmnativa.com\/portal\/wp-content\/uploads\/2020\/09\/1-2.jpeg",1242,819,false],"thumbnail":["https:\/\/fmnativa.com\/portal\/wp-content\/uploads\/2020\/09\/1-2-150x150.jpeg",150,150,true],"medium":["https:\/\/fmnativa.com\/portal\/wp-content\/uploads\/2020\/09\/1-2-300x198.jpeg",300,198,true],"medium_large":["https:\/\/fmnativa.com\/portal\/wp-content\/uploads\/2020\/09\/1-2-768x506.jpeg",640,422,true],"large":["https:\/\/fmnativa.com\/portal\/wp-content\/uploads\/2020\/09\/1-2-1024x675.jpeg",640,422,true],"1536x1536":["https:\/\/fmnativa.com\/portal\/wp-content\/uploads\/2020\/09\/1-2.jpeg",1242,819,false],"2048x2048":["https:\/\/fmnativa.com\/portal\/wp-content\/uploads\/2020\/09\/1-2.jpeg",1242,819,false],"covernews-slider-full":["https:\/\/fmnativa.com\/portal\/wp-content\/uploads\/2020\/09\/1-2.jpeg",1084,715,false],"covernews-slider-center":["https:\/\/fmnativa.com\/portal\/wp-content\/uploads\/2020\/09\/1-2.jpeg",758,500,false],"covernews-featured":["https:\/\/fmnativa.com\/portal\/wp-content\/uploads\/2020\/09\/1-2.jpeg",1024,675,false],"covernews-medium":["https:\/\/fmnativa.com\/portal\/wp-content\/uploads\/2020\/09\/1-2.jpeg",516,340,false],"covernews-medium-square":["https:\/\/fmnativa.com\/portal\/wp-content\/uploads\/2020\/09\/1-2.jpeg",379,250,false]},"author_info":{"info":["Fabian"]},"category_info":"<a href=\"https:\/\/fmnativa.com\/portal\/category\/provinciales\/\" rel=\"category tag\">PROVINCIALES<\/a>","tag_info":"PROVINCIALES","comment_count":"0","_links":{"self":[{"href":"https:\/\/fmnativa.com\/portal\/wp-json\/wp\/v2\/posts\/406","targetHints":{"allow":["GET"]}}],"collection":[{"href":"https:\/\/fmnativa.com\/portal\/wp-json\/wp\/v2\/posts"}],"about":[{"href":"https:\/\/fmnativa.com\/portal\/wp-json\/wp\/v2\/types\/post"}],"author":[{"embeddable":true,"href":"https:\/\/fmnativa.com\/portal\/wp-json\/wp\/v2\/users\/1"}],"replies":[{"embeddable":true,"href":"https:\/\/fmnativa.com\/portal\/wp-json\/wp\/v2\/comments?post=406"}],"version-history":[{"count":5,"href":"https:\/\/fmnativa.com\/portal\/wp-json\/wp\/v2\/posts\/406\/revisions"}],"predecessor-version":[{"id":412,"href":"https:\/\/fmnativa.com\/portal\/wp-json\/wp\/v2\/posts\/406\/revisions\/412"}],"wp:featuredmedia":[{"embeddable":true,"href":"https:\/\/fmnativa.com\/portal\/wp-json\/wp\/v2\/media\/407"}],"wp:attachment":[{"href":"https:\/\/fmnativa.com\/portal\/wp-json\/wp\/v2\/media?parent=406"}],"wp:term":[{"taxonomy":"category","embeddable":true,"href":"https:\/\/fmnativa.com\/portal\/wp-json\/wp\/v2\/categories?post=406"},{"taxonomy":"post_tag","embeddable":true,"href":"https:\/\/fmnativa.com\/portal\/wp-json\/wp\/v2\/tags?post=406"}],"curies":[{"name":"wp","href":"https:\/\/api.w.org\/{rel}","templated":true}]}}