{"id":413,"date":"2020-09-03T20:40:02","date_gmt":"2020-09-03T20:40:02","guid":{"rendered":"https:\/\/fmnativa.com\/portal\/?p=413"},"modified":"2020-09-03T20:40:02","modified_gmt":"2020-09-03T20:40:02","slug":"reconquista-vallejos-se-reunio-con-morzan-pide-mas-agua-y-cloacas","status":"publish","type":"post","link":"https:\/\/fmnativa.com\/portal\/2020\/09\/03\/reconquista-vallejos-se-reunio-con-morzan-pide-mas-agua-y-cloacas\/","title":{"rendered":"Reconquista &#8211; Vallejos se reuni\u00f3 con Morzan, pide mas agua y cloacas"},"content":{"rendered":"<div id=\"fb-root\"><\/div>\n<p>El Intendente Dr. Amadeo Enrique Vallejos contin\u00faa con gestiones que permitan avanzar sobre aspectos trascendentales para la infraestructura de nuestra ciudad.<\/p>\n<p>En ese sentido, en la ma\u00f1ana del jueves 3 de septiembre mantuvo una reuni\u00f3n de trabajo junto al Presidente del Directorio de Aguas Santafesinas Sociedad An\u00f3nima (ASSA), Ing. Hugo Morz\u00e1n.<\/p>\n<p>Con la firme decisi\u00f3n de mejorar la calidad de vida en cada barrio y desarrollar todo el potencial de Reconquista, las autoridades realizaron un detallado an\u00e1lisis de condiciones t\u00e9cnicas y territoriales para planificar estrat\u00e9gicamente la progresiva expansi\u00f3n de las redes de agua y cloacas.<\/p>\n<p>Estos proyectos de saneamiento, para que m\u00e1s vecinos se incorporen al servicio de agua potable y a la red de desag\u00fces cloacales, se suman a la reciente apertura de sobres para obras que pr\u00f3ximamente ser\u00e1n una realidad, gracias al trabajo articulado entre la Municipalidad de Reconquista, la Provincia de Santa Fe y el Gobierno Nacional, con la participaci\u00f3n de ASSA y el ENOHSA.<\/p>\n","protected":false},"excerpt":{"rendered":"<p>El Intendente Dr. Amadeo Enrique Vallejos contin\u00faa con gestiones que permitan avanzar sobre aspectos trascendentales&#8230;<\/p>\n","protected":false},"author":1,"featured_media":414,"comment_status":"closed","ping_status":"closed","sticky":false,"template":"","format":"standard","meta":{"footnotes":""},"categories":[5],"tags":[64,65,63,67,25,37,66],"class_list":["post-413","post","type-post","status-publish","format-standard","has-post-thumbnail","hentry","category-locales","tag-aguas-santafesinas","tag-assa","tag-gestiones","tag-intendente","tag-politica","tag-reconquista","tag-vallejos"],"featured_image_urls":{"full":["https:\/\/fmnativa.com\/portal\/wp-content\/uploads\/2020\/09\/1-28.jpg",1280,960,false],"thumbnail":["https:\/\/fmnativa.com\/portal\/wp-content\/uploads\/2020\/09\/1-28-150x150.jpg",150,150,true],"medium":["https:\/\/fmnativa.com\/portal\/wp-content\/uploads\/2020\/09\/1-28-300x225.jpg",300,225,true],"medium_large":["https:\/\/fmnativa.com\/portal\/wp-content\/uploads\/2020\/09\/1-28-768x576.jpg",640,480,true],"large":["https:\/\/fmnativa.com\/portal\/wp-content\/uploads\/2020\/09\/1-28-1024x768.jpg",640,480,true],"1536x1536":["https:\/\/fmnativa.com\/portal\/wp-content\/uploads\/2020\/09\/1-28.jpg",1280,960,false],"2048x2048":["https:\/\/fmnativa.com\/portal\/wp-content\/uploads\/2020\/09\/1-28.jpg",1280,960,false],"covernews-slider-full":["https:\/\/fmnativa.com\/portal\/wp-content\/uploads\/2020\/09\/1-28.jpg",953,715,false],"covernews-slider-center":["https:\/\/fmnativa.com\/portal\/wp-content\/uploads\/2020\/09\/1-28.jpg",667,500,false],"covernews-featured":["https:\/\/fmnativa.com\/portal\/wp-content\/uploads\/2020\/09\/1-28.jpg",1024,768,false],"covernews-medium":["https:\/\/fmnativa.com\/portal\/wp-content\/uploads\/2020\/09\/1-28.jpg",453,340,false],"covernews-medium-square":["https:\/\/fmnativa.com\/portal\/wp-content\/uploads\/2020\/09\/1-28.jpg",333,250,false]},"author_info":{"info":["Fabian"]},"category_info":"<a href=\"https:\/\/fmnativa.com\/portal\/category\/locales\/\" rel=\"category tag\">LOCALES<\/a>","tag_info":"LOCALES","comment_count":"0","_links":{"self":[{"href":"https:\/\/fmnativa.com\/portal\/wp-json\/wp\/v2\/posts\/413","targetHints":{"allow":["GET"]}}],"collection":[{"href":"https:\/\/fmnativa.com\/portal\/wp-json\/wp\/v2\/posts"}],"about":[{"href":"https:\/\/fmnativa.com\/portal\/wp-json\/wp\/v2\/types\/post"}],"author":[{"embeddable":true,"href":"https:\/\/fmnativa.com\/portal\/wp-json\/wp\/v2\/users\/1"}],"replies":[{"embeddable":true,"href":"https:\/\/fmnativa.com\/portal\/wp-json\/wp\/v2\/comments?post=413"}],"version-history":[{"count":1,"href":"https:\/\/fmnativa.com\/portal\/wp-json\/wp\/v2\/posts\/413\/revisions"}],"predecessor-version":[{"id":415,"href":"https:\/\/fmnativa.com\/portal\/wp-json\/wp\/v2\/posts\/413\/revisions\/415"}],"wp:featuredmedia":[{"embeddable":true,"href":"https:\/\/fmnativa.com\/portal\/wp-json\/wp\/v2\/media\/414"}],"wp:attachment":[{"href":"https:\/\/fmnativa.com\/portal\/wp-json\/wp\/v2\/media?parent=413"}],"wp:term":[{"taxonomy":"category","embeddable":true,"href":"https:\/\/fmnativa.com\/portal\/wp-json\/wp\/v2\/categories?post=413"},{"taxonomy":"post_tag","embeddable":true,"href":"https:\/\/fmnativa.com\/portal\/wp-json\/wp\/v2\/tags?post=413"}],"curies":[{"name":"wp","href":"https:\/\/api.w.org\/{rel}","templated":true}]}}