{"id":456,"date":"2020-09-04T21:29:42","date_gmt":"2020-09-04T21:29:42","guid":{"rendered":"https:\/\/fmnativa.com\/portal\/?p=456"},"modified":"2020-09-04T21:29:42","modified_gmt":"2020-09-04T21:29:42","slug":"sukerman-y-martorano-se-reunieron-con-representantes-gremiales-de-la-provincia-de-santa-fe","status":"publish","type":"post","link":"https:\/\/fmnativa.com\/portal\/2020\/09\/04\/sukerman-y-martorano-se-reunieron-con-representantes-gremiales-de-la-provincia-de-santa-fe\/","title":{"rendered":"Sukerman y Martorano se reunieron con representantes gremiales de la provincia de Santa Fe"},"content":{"rendered":"<div id=\"fb-root\"><\/div>\n<p>Durante el encuentro virtual evaluaron los principales indicadores sanitarios y se repasaron diferentes herramientas para contener la pandemia de Coronavirus. \u201cHubo un apoyo masivo y contundente de los gremios a las medidas adoptadas por el gobierno provincial y nacional\u201d, afirm\u00f3 el ministro de Trabajo.<\/p>\n<p>La ministra de Salud de la provincia, Sonia Martorano, y el ministro de Trabajo, Roberto Sukerman, encabezaron una videoconferencia con autoridades gremiales de todo Santa Fe. All\u00ed se repas\u00f3 la realidad de la pandemia en la provincia y las medidas para evitar que sigan proliferando los contagios. \u201cQuer\u00edamos hacer un intercambio escuchando a la ministra de Salud que brind\u00f3 toda la informaci\u00f3n y tambi\u00e9n escuchar sus opiniones\u201d, sostuvo Sukerman.<\/p>\n<p>Del mismo modo, continu\u00f3: \u201cEstamos orgullosos y satisfechos de c\u00f3mo se acataron como sociedad las premisas, pero la circulaci\u00f3n del virus termina siendo muy dif\u00edcil de contener. Evaluamos y vimos c\u00f3mo sostenemos la actividad generando la menor incidencia en la econom\u00eda\u201d.<\/p>\n<p>Adem\u00e1s, el titular de la cartera laboral asegur\u00f3 que hubo \u201cun apoyo masivo y contundente de los gremios a las medidas adoptadas por el gobierno provincial, y el gobierno nacional, en consenso con los municipios y comunas. Para nosotros fue una reuni\u00f3n muy significativa\u201d.<\/p>\n<p>Por su parte, Martorano insisti\u00f3 en el abordaje de la pandemia y puntualiz\u00f3: \u201cEstamos pasando horas dif\u00edciles, nos interpelan desde lo \u00e9tico, lo moral, la toma de decisiones. Por eso es momento de analizar el escenario tanto en t\u00e9rminos sanitarios como econ\u00f3micos\u201d.<\/p>\n<p>Por \u00faltimo, la titular de la cartera sanitaria asegur\u00f3: \u201cNos preocupa el recurso humano que es finito, que tambi\u00e9n se cansa y que se contagia, cualquier medida que tomemos hoy tendr\u00e1 un efecto en un m\u00ednimo de 11 d\u00edas a 14\u201d.<\/p>\n","protected":false},"excerpt":{"rendered":"<p>Durante el encuentro virtual evaluaron los principales indicadores sanitarios y se repasaron diferentes herramientas para&#8230;<\/p>\n","protected":false},"author":1,"featured_media":457,"comment_status":"closed","ping_status":"closed","sticky":false,"template":"","format":"standard","meta":{"footnotes":""},"categories":[7],"tags":[32,87,88,25,14,15],"class_list":["post-456","post","type-post","status-publish","format-standard","has-post-thumbnail","hentry","category-provinciales","tag-covid-19","tag-gremiales","tag-gremios","tag-politica","tag-provincia","tag-santa-fe"],"featured_image_urls":{"full":["https:\/\/fmnativa.com\/portal\/wp-content\/uploads\/2020\/09\/1-37.jpg",1280,853,false],"thumbnail":["https:\/\/fmnativa.com\/portal\/wp-content\/uploads\/2020\/09\/1-37-150x150.jpg",150,150,true],"medium":["https:\/\/fmnativa.com\/portal\/wp-content\/uploads\/2020\/09\/1-37-300x200.jpg",300,200,true],"medium_large":["https:\/\/fmnativa.com\/portal\/wp-content\/uploads\/2020\/09\/1-37-768x512.jpg",640,427,true],"large":["https:\/\/fmnativa.com\/portal\/wp-content\/uploads\/2020\/09\/1-37-1024x682.jpg",640,426,true],"1536x1536":["https:\/\/fmnativa.com\/portal\/wp-content\/uploads\/2020\/09\/1-37.jpg",1280,853,false],"2048x2048":["https:\/\/fmnativa.com\/portal\/wp-content\/uploads\/2020\/09\/1-37.jpg",1280,853,false],"covernews-slider-full":["https:\/\/fmnativa.com\/portal\/wp-content\/uploads\/2020\/09\/1-37.jpg",1073,715,false],"covernews-slider-center":["https:\/\/fmnativa.com\/portal\/wp-content\/uploads\/2020\/09\/1-37.jpg",750,500,false],"covernews-featured":["https:\/\/fmnativa.com\/portal\/wp-content\/uploads\/2020\/09\/1-37.jpg",1024,682,false],"covernews-medium":["https:\/\/fmnativa.com\/portal\/wp-content\/uploads\/2020\/09\/1-37.jpg",510,340,false],"covernews-medium-square":["https:\/\/fmnativa.com\/portal\/wp-content\/uploads\/2020\/09\/1-37.jpg",375,250,false]},"author_info":{"info":["Fabian"]},"category_info":"<a href=\"https:\/\/fmnativa.com\/portal\/category\/provinciales\/\" rel=\"category tag\">PROVINCIALES<\/a>","tag_info":"PROVINCIALES","comment_count":"0","_links":{"self":[{"href":"https:\/\/fmnativa.com\/portal\/wp-json\/wp\/v2\/posts\/456","targetHints":{"allow":["GET"]}}],"collection":[{"href":"https:\/\/fmnativa.com\/portal\/wp-json\/wp\/v2\/posts"}],"about":[{"href":"https:\/\/fmnativa.com\/portal\/wp-json\/wp\/v2\/types\/post"}],"author":[{"embeddable":true,"href":"https:\/\/fmnativa.com\/portal\/wp-json\/wp\/v2\/users\/1"}],"replies":[{"embeddable":true,"href":"https:\/\/fmnativa.com\/portal\/wp-json\/wp\/v2\/comments?post=456"}],"version-history":[{"count":1,"href":"https:\/\/fmnativa.com\/portal\/wp-json\/wp\/v2\/posts\/456\/revisions"}],"predecessor-version":[{"id":458,"href":"https:\/\/fmnativa.com\/portal\/wp-json\/wp\/v2\/posts\/456\/revisions\/458"}],"wp:featuredmedia":[{"embeddable":true,"href":"https:\/\/fmnativa.com\/portal\/wp-json\/wp\/v2\/media\/457"}],"wp:attachment":[{"href":"https:\/\/fmnativa.com\/portal\/wp-json\/wp\/v2\/media?parent=456"}],"wp:term":[{"taxonomy":"category","embeddable":true,"href":"https:\/\/fmnativa.com\/portal\/wp-json\/wp\/v2\/categories?post=456"},{"taxonomy":"post_tag","embeddable":true,"href":"https:\/\/fmnativa.com\/portal\/wp-json\/wp\/v2\/tags?post=456"}],"curies":[{"name":"wp","href":"https:\/\/api.w.org\/{rel}","templated":true}]}}