{"id":473,"date":"2020-09-04T23:51:28","date_gmt":"2020-09-04T23:51:28","guid":{"rendered":"https:\/\/fmnativa.com\/portal\/?p=473"},"modified":"2020-09-04T23:51:28","modified_gmt":"2020-09-04T23:51:28","slug":"coronavirus-dieron-de-alta-al-paciente-de-65-anos-ingresado-el-31-de-agosto","status":"publish","type":"post","link":"https:\/\/fmnativa.com\/portal\/2020\/09\/04\/coronavirus-dieron-de-alta-al-paciente-de-65-anos-ingresado-el-31-de-agosto\/","title":{"rendered":"Coronavirus &#8211; DIERON DE ALTA AL PACIENTE DE 65 A\u00d1OS INGRESADO EL 31 DE AGOSTO"},"content":{"rendered":"<div id=\"fb-root\"><\/div>\n<p>As\u00ed lo expresa un comunicado que ingres\u00f3 hoy Viernes a las 20:22 a nuestra redacci\u00f3n.<\/p>\n<p>Tras recibir el Alta M\u00e9dica, el paciente deber\u00e1 cumplir AISLAMIENTO OBLIGATORIO en su domicilio.<\/p>\n<p>COMUNICADO OFICIAL<\/p>\n<p>El Comit\u00e9 de Crisis y Seguimiento Sanitario del Coronavirus Covid-19 de Reconquista, a trav\u00e9s del Hospital Central, informa que el paciente de 65 a\u00f1os de edad, domiciliado en esta ciudad, con diagn\u00f3stico positivo de coronavirus (2019-nCoV), que ingres\u00f3 que el 31 de agosto, recibi\u00f3 el alta m\u00e9dica este viernes 4 de septiembre. El mismo seguir\u00e1 cumpliendo el aislamiento domiciliario obligatorio, con vigilancia epidemiol\u00f3gica..<\/p>\n","protected":false},"excerpt":{"rendered":"<p>As\u00ed lo expresa un comunicado que ingres\u00f3 hoy Viernes a las 20:22 a nuestra redacci\u00f3n&#8230;.<\/p>\n","protected":false},"author":1,"featured_media":474,"comment_status":"closed","ping_status":"closed","sticky":false,"template":"","format":"standard","meta":{"footnotes":""},"categories":[49,6],"tags":[30,98,21,32,14,37,73,15,35],"class_list":["post-473","post","type-post","status-publish","format-standard","has-post-thumbnail","hentry","category-covid-19","category-regionales","tag-aislamiento","tag-alta-medica","tag-coronavirus-reconquista","tag-covid-19","tag-provincia","tag-reconquista","tag-salud","tag-santa-fe","tag-seguridad"],"featured_image_urls":{"full":["https:\/\/fmnativa.com\/portal\/wp-content\/uploads\/2020\/09\/1-41.jpg",620,368,false],"thumbnail":["https:\/\/fmnativa.com\/portal\/wp-content\/uploads\/2020\/09\/1-41-150x150.jpg",150,150,true],"medium":["https:\/\/fmnativa.com\/portal\/wp-content\/uploads\/2020\/09\/1-41-300x178.jpg",300,178,true],"medium_large":["https:\/\/fmnativa.com\/portal\/wp-content\/uploads\/2020\/09\/1-41.jpg",620,368,false],"large":["https:\/\/fmnativa.com\/portal\/wp-content\/uploads\/2020\/09\/1-41.jpg",620,368,false],"1536x1536":["https:\/\/fmnativa.com\/portal\/wp-content\/uploads\/2020\/09\/1-41.jpg",620,368,false],"2048x2048":["https:\/\/fmnativa.com\/portal\/wp-content\/uploads\/2020\/09\/1-41.jpg",620,368,false],"covernews-slider-full":["https:\/\/fmnativa.com\/portal\/wp-content\/uploads\/2020\/09\/1-41.jpg",620,368,false],"covernews-slider-center":["https:\/\/fmnativa.com\/portal\/wp-content\/uploads\/2020\/09\/1-41.jpg",620,368,false],"covernews-featured":["https:\/\/fmnativa.com\/portal\/wp-content\/uploads\/2020\/09\/1-41.jpg",620,368,false],"covernews-medium":["https:\/\/fmnativa.com\/portal\/wp-content\/uploads\/2020\/09\/1-41.jpg",540,321,false],"covernews-medium-square":["https:\/\/fmnativa.com\/portal\/wp-content\/uploads\/2020\/09\/1-41.jpg",400,237,false]},"author_info":{"info":["Fabian"]},"category_info":"<a href=\"https:\/\/fmnativa.com\/portal\/category\/covid-19\/\" rel=\"category tag\">COVID 19<\/a> <a href=\"https:\/\/fmnativa.com\/portal\/category\/regionales\/\" rel=\"category tag\">REGIONALES<\/a>","tag_info":"REGIONALES","comment_count":"0","_links":{"self":[{"href":"https:\/\/fmnativa.com\/portal\/wp-json\/wp\/v2\/posts\/473","targetHints":{"allow":["GET"]}}],"collection":[{"href":"https:\/\/fmnativa.com\/portal\/wp-json\/wp\/v2\/posts"}],"about":[{"href":"https:\/\/fmnativa.com\/portal\/wp-json\/wp\/v2\/types\/post"}],"author":[{"embeddable":true,"href":"https:\/\/fmnativa.com\/portal\/wp-json\/wp\/v2\/users\/1"}],"replies":[{"embeddable":true,"href":"https:\/\/fmnativa.com\/portal\/wp-json\/wp\/v2\/comments?post=473"}],"version-history":[{"count":1,"href":"https:\/\/fmnativa.com\/portal\/wp-json\/wp\/v2\/posts\/473\/revisions"}],"predecessor-version":[{"id":475,"href":"https:\/\/fmnativa.com\/portal\/wp-json\/wp\/v2\/posts\/473\/revisions\/475"}],"wp:featuredmedia":[{"embeddable":true,"href":"https:\/\/fmnativa.com\/portal\/wp-json\/wp\/v2\/media\/474"}],"wp:attachment":[{"href":"https:\/\/fmnativa.com\/portal\/wp-json\/wp\/v2\/media?parent=473"}],"wp:term":[{"taxonomy":"category","embeddable":true,"href":"https:\/\/fmnativa.com\/portal\/wp-json\/wp\/v2\/categories?post=473"},{"taxonomy":"post_tag","embeddable":true,"href":"https:\/\/fmnativa.com\/portal\/wp-json\/wp\/v2\/tags?post=473"}],"curies":[{"name":"wp","href":"https:\/\/api.w.org\/{rel}","templated":true}]}}