{"id":476,"date":"2020-09-05T00:01:25","date_gmt":"2020-09-05T00:01:25","guid":{"rendered":"https:\/\/fmnativa.com\/portal\/?p=476"},"modified":"2020-09-05T00:01:25","modified_gmt":"2020-09-05T00:01:25","slug":"coronavirus-la-provincia-confirma-713-nuevos-casos-positivos","status":"publish","type":"post","link":"https:\/\/fmnativa.com\/portal\/2020\/09\/05\/coronavirus-la-provincia-confirma-713-nuevos-casos-positivos\/","title":{"rendered":"Coronavirus &#8211; LA PROVINCIA CONFIRMA 713 NUEVOS CASOS POSITIVOS"},"content":{"rendered":"<div id=\"fb-root\"><\/div>\n<p>SANTA FE CONFIRMA 713 CASOS NUEVOS DE CORONAVIRUS<br \/>\nEl Ministerio de Salud de Santa Fe, a trav\u00e9s de la Direcci\u00f3n Provincial de Epidemiolog\u00eda, informa a la<br \/>\npoblaci\u00f3n que en el d\u00eda de la fecha se han confirmado 713 casos nuevos de COVID-19 , en el<br \/>\nterritorio provincial.<\/p>\n<p>De estos 713 casos, 287 son de Rosario.<\/p>\n<p><em>ATENCION: En este parte, <strong><span style=\"color: #ff9900;\">no se ven reflejados los 9 casos reportados hoy a las 18 hs por el Hospital Central de Reconquista<\/span><\/strong>&#8230; esos casos se reflejar\u00e1n en el parte Provincial de ma\u00f1ana.<\/em><\/p>\n<a href=\"https:\/\/fmnativa.com\/portal\/wp-content\/uploads\/2020\/09\/04-09-2020-19.30-hs-Parte-MSSF-Coronavirus.pdf\" class=\"pdfemb-viewer\" style=\"\" data-width=\"max\" data-height=\"max\" data-toolbar=\"bottom\" data-toolbar-fixed=\"off\">04-09-2020 19.30 hs-Parte MSSF Coronavirus<\/a>\n","protected":false},"excerpt":{"rendered":"<p>SANTA FE CONFIRMA 713 CASOS NUEVOS DE CORONAVIRUS El Ministerio de Salud de Santa Fe,&#8230;<\/p>\n","protected":false},"author":1,"featured_media":135,"comment_status":"closed","ping_status":"closed","sticky":false,"template":"","format":"standard","meta":{"footnotes":""},"categories":[49,7],"tags":[99,32,14,73,15,35,24],"class_list":["post-476","post","type-post","status-publish","format-standard","has-post-thumbnail","hentry","category-covid-19","category-provinciales","tag-barbijo","tag-covid-19","tag-provincia","tag-salud","tag-santa-fe","tag-seguridad","tag-urgente"],"featured_image_urls":{"full":["https:\/\/fmnativa.com\/portal\/wp-content\/uploads\/2020\/08\/AAA-CORONAVIRUS-SANTA-FE.jpg",694,694,false],"thumbnail":["https:\/\/fmnativa.com\/portal\/wp-content\/uploads\/2020\/08\/AAA-CORONAVIRUS-SANTA-FE-150x150.jpg",150,150,true],"medium":["https:\/\/fmnativa.com\/portal\/wp-content\/uploads\/2020\/08\/AAA-CORONAVIRUS-SANTA-FE-300x300.jpg",300,300,true],"medium_large":["https:\/\/fmnativa.com\/portal\/wp-content\/uploads\/2020\/08\/AAA-CORONAVIRUS-SANTA-FE.jpg",640,640,false],"large":["https:\/\/fmnativa.com\/portal\/wp-content\/uploads\/2020\/08\/AAA-CORONAVIRUS-SANTA-FE.jpg",640,640,false],"1536x1536":["https:\/\/fmnativa.com\/portal\/wp-content\/uploads\/2020\/08\/AAA-CORONAVIRUS-SANTA-FE.jpg",694,694,false],"2048x2048":["https:\/\/fmnativa.com\/portal\/wp-content\/uploads\/2020\/08\/AAA-CORONAVIRUS-SANTA-FE.jpg",694,694,false],"covernews-slider-full":["https:\/\/fmnativa.com\/portal\/wp-content\/uploads\/2020\/08\/AAA-CORONAVIRUS-SANTA-FE.jpg",694,694,false],"covernews-slider-center":["https:\/\/fmnativa.com\/portal\/wp-content\/uploads\/2020\/08\/AAA-CORONAVIRUS-SANTA-FE.jpg",500,500,false],"covernews-featured":["https:\/\/fmnativa.com\/portal\/wp-content\/uploads\/2020\/08\/AAA-CORONAVIRUS-SANTA-FE.jpg",694,694,false],"covernews-medium":["https:\/\/fmnativa.com\/portal\/wp-content\/uploads\/2020\/08\/AAA-CORONAVIRUS-SANTA-FE.jpg",340,340,false],"covernews-medium-square":["https:\/\/fmnativa.com\/portal\/wp-content\/uploads\/2020\/08\/AAA-CORONAVIRUS-SANTA-FE.jpg",250,250,false]},"author_info":{"info":["Fabian"]},"category_info":"<a href=\"https:\/\/fmnativa.com\/portal\/category\/covid-19\/\" rel=\"category tag\">COVID 19<\/a> <a href=\"https:\/\/fmnativa.com\/portal\/category\/provinciales\/\" rel=\"category tag\">PROVINCIALES<\/a>","tag_info":"PROVINCIALES","comment_count":"0","_links":{"self":[{"href":"https:\/\/fmnativa.com\/portal\/wp-json\/wp\/v2\/posts\/476","targetHints":{"allow":["GET"]}}],"collection":[{"href":"https:\/\/fmnativa.com\/portal\/wp-json\/wp\/v2\/posts"}],"about":[{"href":"https:\/\/fmnativa.com\/portal\/wp-json\/wp\/v2\/types\/post"}],"author":[{"embeddable":true,"href":"https:\/\/fmnativa.com\/portal\/wp-json\/wp\/v2\/users\/1"}],"replies":[{"embeddable":true,"href":"https:\/\/fmnativa.com\/portal\/wp-json\/wp\/v2\/comments?post=476"}],"version-history":[{"count":1,"href":"https:\/\/fmnativa.com\/portal\/wp-json\/wp\/v2\/posts\/476\/revisions"}],"predecessor-version":[{"id":479,"href":"https:\/\/fmnativa.com\/portal\/wp-json\/wp\/v2\/posts\/476\/revisions\/479"}],"wp:featuredmedia":[{"embeddable":true,"href":"https:\/\/fmnativa.com\/portal\/wp-json\/wp\/v2\/media\/135"}],"wp:attachment":[{"href":"https:\/\/fmnativa.com\/portal\/wp-json\/wp\/v2\/media?parent=476"}],"wp:term":[{"taxonomy":"category","embeddable":true,"href":"https:\/\/fmnativa.com\/portal\/wp-json\/wp\/v2\/categories?post=476"},{"taxonomy":"post_tag","embeddable":true,"href":"https:\/\/fmnativa.com\/portal\/wp-json\/wp\/v2\/tags?post=476"}],"curies":[{"name":"wp","href":"https:\/\/api.w.org\/{rel}","templated":true}]}}