{"id":630,"date":"2020-09-09T21:09:06","date_gmt":"2020-09-09T21:09:06","guid":{"rendered":"https:\/\/fmnativa.com\/portal\/?p=630"},"modified":"2020-09-09T21:09:06","modified_gmt":"2020-09-09T21:09:06","slug":"santa-fe-presento-143-proyectos-ante-el-programa-nacional-banco-de-maquinarias-herramientas-y-materiales","status":"publish","type":"post","link":"https:\/\/fmnativa.com\/portal\/2020\/09\/09\/santa-fe-presento-143-proyectos-ante-el-programa-nacional-banco-de-maquinarias-herramientas-y-materiales\/","title":{"rendered":"Santa Fe present\u00f3 143 proyectos ante el Programa Nacional Banco de Maquinarias, Herramientas y Materiales"},"content":{"rendered":"<div id=\"fb-root\"><\/div>\n<h5>Este programas permite generar una fuente de ingresos genuinos y mitigar los factores de exclusi\u00f3n provocados por el contexto de la emergencia social.<\/h5>\n<p>El Ministerio de Desarrollo Social de Santa Fe elev\u00f3 al gobierno nacional 143 proyectos, que involucra 913 personas por un monto de 60 millones de pesos, en el marco del programa Nacional Banco de Maquinarias, Herramientas y Materiales para la Emergencia Social.<\/p>\n<p>El ministro de Desarrollo Social, Danilo Capitani, indic\u00f3 que \u201cacompa\u00f1ar las iniciativas que impulsan el trabajo asociativo y comunitario ha sido una instrucci\u00f3n precisa del gobernador Perotti. El acuerdo con Naci\u00f3n nos permite acceder a este tipo de asistencia que se suma a las l\u00edneas de trabajo que realizamos con el ministro Daniel Arroyo. M\u00e1s a\u00fan en este momento de pandemia donde la situaci\u00f3n laboral es tan dif\u00edcil para todos\u201d.<\/p>\n<p>EL PROGRAMA<br \/>\nEl programa nacional tiene por objeto atender a las personas en situaci\u00f3n de alta vulnerabilidad social y econ\u00f3mica, mediante la entrega de insumos, herramientas y\/o equipamiento, permitiendo generar una fuente de ingresos genuinos y mitigando, de tal modo, los factores de riesgo y exclusi\u00f3n provocados por el contexto de la emergencia social.<\/p>\n<p>Est\u00e1 integrado por dos componentes:<\/p>\n<p>&gt;&gt;Banco de Maquinarias, Herramientas, y Materiales, consiste en la transferencia con car\u00e1cter de subsidio no reintegrable a organismos gubernamentales y organizaciones de la sociedad civil, con la finalidad exclusiva de ser destinados a la compra de maquinarias, herramientas y materiales para ser entregados a personas en situaci\u00f3n de alta vulnerabilidad social y econ\u00f3mica, ya sea en forma individual o asociada para hacer frente a la emergencia social.<\/p>\n<p>&gt;&gt;Asistencia T\u00e9cnica y Capacitaci\u00f3n, se ejecutar\u00e1 a trav\u00e9s de universidades, instituciones educativas y organizaciones de la sociedad civil con la finalidad de brindar asistencia t\u00e9cnica y\/o capacitaci\u00f3n necesaria en las instancias de formulaci\u00f3n, ejecuci\u00f3n y acompa\u00f1amiento de los proyectos apoyados por el Banco de Maquinarias, Herramientas, y Materiales.<\/p>\n<p>La provincia de Santa Fe, adhiri\u00f3 al programa transform\u00e1ndose en Banco Provincial. Para su constituci\u00f3n se realizaron articulaciones con municipios, comunas y organizaciones sociales.<\/p>\n<p>Cabe destacar que se contempl\u00f3 que los proyectos est\u00e9n conformados de manera asociativa y la representaci\u00f3n territorial de diferentes regiones provinciales.<\/p>\n<p>Las iniciativas de esta primera etapa involucran a 913 personas ocupadas y desocupadas de 31 municipios y comunas en toda la provincia.<\/p>\n<p>Los proyectos presentados abarcan los siguientes ejes: limpieza, higiene, servicios ambientales, reciclado, construcci\u00f3n, infraestructura y mejora habitacional, textil, producci\u00f3n y manufacturas, agricultura y producci\u00f3n de alimentos, comercializaci\u00f3n comunitaria y otras actividades productivas.<\/p>\n","protected":false},"excerpt":{"rendered":"<p>Este programas permite generar una fuente de ingresos genuinos y mitigar los factores de exclusi\u00f3n&#8230;<\/p>\n","protected":false},"author":1,"featured_media":631,"comment_status":"closed","ping_status":"closed","sticky":false,"template":"","format":"standard","meta":{"footnotes":""},"categories":[7],"tags":[196,197,195,192,193,194,150,191,14,15],"class_list":["post-630","post","type-post","status-publish","format-standard","has-post-thumbnail","hentry","category-provinciales","tag-asistencia","tag-capacitacion","tag-culnerabilidad-social","tag-empleo","tag-herramientas","tag-materiales","tag-produccion","tag-programa","tag-provincia","tag-santa-fe"],"featured_image_urls":{"full":["https:\/\/fmnativa.com\/portal\/wp-content\/uploads\/2020\/09\/1-70.jpg",1242,824,false],"thumbnail":["https:\/\/fmnativa.com\/portal\/wp-content\/uploads\/2020\/09\/1-70-150x150.jpg",150,150,true],"medium":["https:\/\/fmnativa.com\/portal\/wp-content\/uploads\/2020\/09\/1-70-300x199.jpg",300,199,true],"medium_large":["https:\/\/fmnativa.com\/portal\/wp-content\/uploads\/2020\/09\/1-70-768x510.jpg",640,425,true],"large":["https:\/\/fmnativa.com\/portal\/wp-content\/uploads\/2020\/09\/1-70-1024x679.jpg",640,424,true],"1536x1536":["https:\/\/fmnativa.com\/portal\/wp-content\/uploads\/2020\/09\/1-70.jpg",1242,824,false],"2048x2048":["https:\/\/fmnativa.com\/portal\/wp-content\/uploads\/2020\/09\/1-70.jpg",1242,824,false],"covernews-slider-full":["https:\/\/fmnativa.com\/portal\/wp-content\/uploads\/2020\/09\/1-70.jpg",1078,715,false],"covernews-slider-center":["https:\/\/fmnativa.com\/portal\/wp-content\/uploads\/2020\/09\/1-70.jpg",754,500,false],"covernews-featured":["https:\/\/fmnativa.com\/portal\/wp-content\/uploads\/2020\/09\/1-70.jpg",1024,679,false],"covernews-medium":["https:\/\/fmnativa.com\/portal\/wp-content\/uploads\/2020\/09\/1-70.jpg",512,340,false],"covernews-medium-square":["https:\/\/fmnativa.com\/portal\/wp-content\/uploads\/2020\/09\/1-70.jpg",377,250,false]},"author_info":{"info":["Fabian"]},"category_info":"<a href=\"https:\/\/fmnativa.com\/portal\/category\/provinciales\/\" rel=\"category tag\">PROVINCIALES<\/a>","tag_info":"PROVINCIALES","comment_count":"0","_links":{"self":[{"href":"https:\/\/fmnativa.com\/portal\/wp-json\/wp\/v2\/posts\/630","targetHints":{"allow":["GET"]}}],"collection":[{"href":"https:\/\/fmnativa.com\/portal\/wp-json\/wp\/v2\/posts"}],"about":[{"href":"https:\/\/fmnativa.com\/portal\/wp-json\/wp\/v2\/types\/post"}],"author":[{"embeddable":true,"href":"https:\/\/fmnativa.com\/portal\/wp-json\/wp\/v2\/users\/1"}],"replies":[{"embeddable":true,"href":"https:\/\/fmnativa.com\/portal\/wp-json\/wp\/v2\/comments?post=630"}],"version-history":[{"count":1,"href":"https:\/\/fmnativa.com\/portal\/wp-json\/wp\/v2\/posts\/630\/revisions"}],"predecessor-version":[{"id":632,"href":"https:\/\/fmnativa.com\/portal\/wp-json\/wp\/v2\/posts\/630\/revisions\/632"}],"wp:featuredmedia":[{"embeddable":true,"href":"https:\/\/fmnativa.com\/portal\/wp-json\/wp\/v2\/media\/631"}],"wp:attachment":[{"href":"https:\/\/fmnativa.com\/portal\/wp-json\/wp\/v2\/media?parent=630"}],"wp:term":[{"taxonomy":"category","embeddable":true,"href":"https:\/\/fmnativa.com\/portal\/wp-json\/wp\/v2\/categories?post=630"},{"taxonomy":"post_tag","embeddable":true,"href":"https:\/\/fmnativa.com\/portal\/wp-json\/wp\/v2\/tags?post=630"}],"curies":[{"name":"wp","href":"https:\/\/api.w.org\/{rel}","templated":true}]}}