{"id":633,"date":"2020-09-09T21:27:49","date_gmt":"2020-09-09T21:27:49","guid":{"rendered":"https:\/\/fmnativa.com\/portal\/?p=633"},"modified":"2020-09-09T21:27:49","modified_gmt":"2020-09-09T21:27:49","slug":"la-provincia-anuncio-medidas-para-mejorar-la-situacion-de-personal-policial","status":"publish","type":"post","link":"https:\/\/fmnativa.com\/portal\/2020\/09\/09\/la-provincia-anuncio-medidas-para-mejorar-la-situacion-de-personal-policial\/","title":{"rendered":"LA PROVINCIA, ANUNCIO MEDIDAS PARA MEJORAR LA SITUACION DE PERSONAL POLICIAL"},"content":{"rendered":"<div id=\"fb-root\"><\/div>\n<p>Lo hizo a trav\u00e9z del Ministro de Seguridad, Marcelo Sa\u00edn quien brindo una conferencia de prensa<\/p>\n<p>Bajo la consigna \u201cPol\u00edtica de Bienestar Policial\u201d, el Ministerio de Seguridad de la provincia present\u00f3 este mi\u00e9rcoles una serie de medias tendientes a mejorar la situaci\u00f3n de los polic\u00edas de la provincia.<\/p>\n<p>Fue durante una conferencia de prensa y se destaca entre los puntos mas importantes del anuncio, la aplicaci\u00f3n del acuerdo de recomposici\u00f3n salarial similar al que ATE y UPCN alcanzaron con el gobierno provincial para los empleados p\u00fablicos; suplementos por tareas operacionales; y aumentos de servicios extraordinarios, entre otros.<\/p>\n<p>Aqu\u00ed punto por punto dispuestos en esto que dieron en llama \u201cPol\u00edtica de Bienestar Policial\u201d :<\/p>\n<a href=\"https:\/\/fmnativa.com\/portal\/wp-content\/uploads\/2020\/09\/MFS-Poli\u0301tica-de-Bienestar-Policial-del-MS-2020-b.pdf\" class=\"pdfemb-viewer\" style=\"\" data-width=\"max\" data-height=\"max\" data-toolbar=\"bottom\" data-toolbar-fixed=\"off\">MFS (Poli\u0301tica de Bienestar Policial del MS) 2020 b<\/a>\n","protected":false},"excerpt":{"rendered":"<p>Lo hizo a trav\u00e9z del Ministro de Seguridad, Marcelo Sa\u00edn quien brindo una conferencia de&#8230;<\/p>\n","protected":false},"author":1,"featured_media":635,"comment_status":"closed","ping_status":"closed","sticky":false,"template":"","format":"standard","meta":{"footnotes":""},"categories":[7],"tags":[199,198,187,200,14,15,35],"class_list":["post-633","post","type-post","status-publish","format-standard","has-post-thumbnail","hentry","category-provinciales","tag-aumento-salarial","tag-personal","tag-policia","tag-politica-de-bienestar-policial","tag-provincia","tag-santa-fe","tag-seguridad"],"featured_image_urls":{"full":["https:\/\/fmnativa.com\/portal\/wp-content\/uploads\/2020\/09\/1-71.jpg",800,450,false],"thumbnail":["https:\/\/fmnativa.com\/portal\/wp-content\/uploads\/2020\/09\/1-71-150x150.jpg",150,150,true],"medium":["https:\/\/fmnativa.com\/portal\/wp-content\/uploads\/2020\/09\/1-71-300x169.jpg",300,169,true],"medium_large":["https:\/\/fmnativa.com\/portal\/wp-content\/uploads\/2020\/09\/1-71-768x432.jpg",640,360,true],"large":["https:\/\/fmnativa.com\/portal\/wp-content\/uploads\/2020\/09\/1-71.jpg",640,360,false],"1536x1536":["https:\/\/fmnativa.com\/portal\/wp-content\/uploads\/2020\/09\/1-71.jpg",800,450,false],"2048x2048":["https:\/\/fmnativa.com\/portal\/wp-content\/uploads\/2020\/09\/1-71.jpg",800,450,false],"covernews-slider-full":["https:\/\/fmnativa.com\/portal\/wp-content\/uploads\/2020\/09\/1-71.jpg",800,450,false],"covernews-slider-center":["https:\/\/fmnativa.com\/portal\/wp-content\/uploads\/2020\/09\/1-71.jpg",800,450,false],"covernews-featured":["https:\/\/fmnativa.com\/portal\/wp-content\/uploads\/2020\/09\/1-71.jpg",800,450,false],"covernews-medium":["https:\/\/fmnativa.com\/portal\/wp-content\/uploads\/2020\/09\/1-71.jpg",540,304,false],"covernews-medium-square":["https:\/\/fmnativa.com\/portal\/wp-content\/uploads\/2020\/09\/1-71.jpg",400,225,false]},"author_info":{"info":["Fabian"]},"category_info":"<a href=\"https:\/\/fmnativa.com\/portal\/category\/provinciales\/\" rel=\"category tag\">PROVINCIALES<\/a>","tag_info":"PROVINCIALES","comment_count":"0","_links":{"self":[{"href":"https:\/\/fmnativa.com\/portal\/wp-json\/wp\/v2\/posts\/633","targetHints":{"allow":["GET"]}}],"collection":[{"href":"https:\/\/fmnativa.com\/portal\/wp-json\/wp\/v2\/posts"}],"about":[{"href":"https:\/\/fmnativa.com\/portal\/wp-json\/wp\/v2\/types\/post"}],"author":[{"embeddable":true,"href":"https:\/\/fmnativa.com\/portal\/wp-json\/wp\/v2\/users\/1"}],"replies":[{"embeddable":true,"href":"https:\/\/fmnativa.com\/portal\/wp-json\/wp\/v2\/comments?post=633"}],"version-history":[{"count":2,"href":"https:\/\/fmnativa.com\/portal\/wp-json\/wp\/v2\/posts\/633\/revisions"}],"predecessor-version":[{"id":638,"href":"https:\/\/fmnativa.com\/portal\/wp-json\/wp\/v2\/posts\/633\/revisions\/638"}],"wp:featuredmedia":[{"embeddable":true,"href":"https:\/\/fmnativa.com\/portal\/wp-json\/wp\/v2\/media\/635"}],"wp:attachment":[{"href":"https:\/\/fmnativa.com\/portal\/wp-json\/wp\/v2\/media?parent=633"}],"wp:term":[{"taxonomy":"category","embeddable":true,"href":"https:\/\/fmnativa.com\/portal\/wp-json\/wp\/v2\/categories?post=633"},{"taxonomy":"post_tag","embeddable":true,"href":"https:\/\/fmnativa.com\/portal\/wp-json\/wp\/v2\/tags?post=633"}],"curies":[{"name":"wp","href":"https:\/\/api.w.org\/{rel}","templated":true}]}}