{"id":645,"date":"2020-09-09T21:46:26","date_gmt":"2020-09-09T21:46:26","guid":{"rendered":"https:\/\/fmnativa.com\/portal\/?p=645"},"modified":"2020-09-09T21:46:26","modified_gmt":"2020-09-09T21:46:26","slug":"los-docentes-continuan-de-paro","status":"publish","type":"post","link":"https:\/\/fmnativa.com\/portal\/2020\/09\/09\/los-docentes-continuan-de-paro\/","title":{"rendered":"LOS DOCENTES CONTIN\u00daAN DE PARO"},"content":{"rendered":"<div id=\"fb-root\"><\/div>\n<h5>En su p\u00e1gina web, titulan:\u00a0 \u00a0SEPTIEMBRE EN LUCHA<\/h5>\n<div class=\"order-3 order-sm-5 post__content\">\n<p>Con la participaci\u00f3n de m\u00e1s de 22 mil compa\u00f1eros y compa\u00f1eras, AMSAFE resolvi\u00f3 dar continuidad al Plan de Lucha Provincial con 48 horas de PARO para los d\u00edas 9 y 10 de septiembre y 72 horas los d\u00edas 15, 16 y 17 de septiembre.<\/p>\n<p>El gobierno provincial sigue sin convocar a la docencia santafesina.<\/p>\n<p>Exigimos:<\/p>\n<ul>\n<li>Convocatoria inmediata a Paritaria Provincial<\/li>\n<li>Aumento de salarios y jubilaciones<\/li>\n<li>Bono de emergencia para reemplazantes<\/li>\n<li>Resoluci\u00f3n del Concurso de Secundaria<\/li>\n<li>Concursos pendientes, traslados y convocatoria a inscripci\u00f3n a suplencias<\/li>\n<li>Resoluci\u00f3n de temas inherentes a la ruralidad<\/li>\n<li>Condiciones de trabajo<\/li>\n<li>Conectividad, insumos y dispositivos a cargo del Estado<\/li>\n<li>Cumplimiento de las Paritarias Nacionales<\/li>\n<li>Convocatoria a Comit\u00e9 Mixto Provincial para discutir infraestructura, salud, etc.<\/li>\n<li>Implementaci\u00f3n de pol\u00edticas y acciones por parte del Estado provincial para garantizar la salud de los trabajadores de la salud y de los docentes y asistentes que est\u00e1n en comedores y copa de leche.<\/li>\n<\/ul>\n<p>Este es un mes especial para los trabajadores y las trabajadoras de la educaci\u00f3n. En este contexto adquiere un significado particular. Seguimos ense\u00f1ando, resistiendo y luchando.<\/p>\n<p>Fuente AMSAFE<\/p>\n<\/div>\n","protected":false},"excerpt":{"rendered":"<p>En su p\u00e1gina web, titulan:\u00a0 \u00a0SEPTIEMBRE EN LUCHA Con la participaci\u00f3n de m\u00e1s de 22&#8230;<\/p>\n","protected":false},"author":1,"featured_media":646,"comment_status":"closed","ping_status":"closed","sticky":false,"template":"","format":"standard","meta":{"footnotes":""},"categories":[7],"tags":[205,203,26,206,207,204,14,15],"class_list":["post-645","post","type-post","status-publish","format-standard","has-post-thumbnail","hentry","category-provinciales","tag-amsafe","tag-docentes","tag-educacion","tag-lucha","tag-mejora-salarial","tag-paro","tag-provincia","tag-santa-fe"],"featured_image_urls":{"full":["https:\/\/fmnativa.com\/portal\/wp-content\/uploads\/2020\/09\/1-73.jpg",900,506,false],"thumbnail":["https:\/\/fmnativa.com\/portal\/wp-content\/uploads\/2020\/09\/1-73-150x150.jpg",150,150,true],"medium":["https:\/\/fmnativa.com\/portal\/wp-content\/uploads\/2020\/09\/1-73-300x169.jpg",300,169,true],"medium_large":["https:\/\/fmnativa.com\/portal\/wp-content\/uploads\/2020\/09\/1-73-768x432.jpg",640,360,true],"large":["https:\/\/fmnativa.com\/portal\/wp-content\/uploads\/2020\/09\/1-73.jpg",640,360,false],"1536x1536":["https:\/\/fmnativa.com\/portal\/wp-content\/uploads\/2020\/09\/1-73.jpg",900,506,false],"2048x2048":["https:\/\/fmnativa.com\/portal\/wp-content\/uploads\/2020\/09\/1-73.jpg",900,506,false],"covernews-slider-full":["https:\/\/fmnativa.com\/portal\/wp-content\/uploads\/2020\/09\/1-73.jpg",900,506,false],"covernews-slider-center":["https:\/\/fmnativa.com\/portal\/wp-content\/uploads\/2020\/09\/1-73.jpg",800,450,false],"covernews-featured":["https:\/\/fmnativa.com\/portal\/wp-content\/uploads\/2020\/09\/1-73.jpg",900,506,false],"covernews-medium":["https:\/\/fmnativa.com\/portal\/wp-content\/uploads\/2020\/09\/1-73.jpg",540,304,false],"covernews-medium-square":["https:\/\/fmnativa.com\/portal\/wp-content\/uploads\/2020\/09\/1-73.jpg",400,225,false]},"author_info":{"info":["Fabian"]},"category_info":"<a href=\"https:\/\/fmnativa.com\/portal\/category\/provinciales\/\" rel=\"category tag\">PROVINCIALES<\/a>","tag_info":"PROVINCIALES","comment_count":"0","_links":{"self":[{"href":"https:\/\/fmnativa.com\/portal\/wp-json\/wp\/v2\/posts\/645","targetHints":{"allow":["GET"]}}],"collection":[{"href":"https:\/\/fmnativa.com\/portal\/wp-json\/wp\/v2\/posts"}],"about":[{"href":"https:\/\/fmnativa.com\/portal\/wp-json\/wp\/v2\/types\/post"}],"author":[{"embeddable":true,"href":"https:\/\/fmnativa.com\/portal\/wp-json\/wp\/v2\/users\/1"}],"replies":[{"embeddable":true,"href":"https:\/\/fmnativa.com\/portal\/wp-json\/wp\/v2\/comments?post=645"}],"version-history":[{"count":1,"href":"https:\/\/fmnativa.com\/portal\/wp-json\/wp\/v2\/posts\/645\/revisions"}],"predecessor-version":[{"id":647,"href":"https:\/\/fmnativa.com\/portal\/wp-json\/wp\/v2\/posts\/645\/revisions\/647"}],"wp:featuredmedia":[{"embeddable":true,"href":"https:\/\/fmnativa.com\/portal\/wp-json\/wp\/v2\/media\/646"}],"wp:attachment":[{"href":"https:\/\/fmnativa.com\/portal\/wp-json\/wp\/v2\/media?parent=645"}],"wp:term":[{"taxonomy":"category","embeddable":true,"href":"https:\/\/fmnativa.com\/portal\/wp-json\/wp\/v2\/categories?post=645"},{"taxonomy":"post_tag","embeddable":true,"href":"https:\/\/fmnativa.com\/portal\/wp-json\/wp\/v2\/tags?post=645"}],"curies":[{"name":"wp","href":"https:\/\/api.w.org\/{rel}","templated":true}]}}