{"id":653,"date":"2020-09-09T22:54:37","date_gmt":"2020-09-09T22:54:37","guid":{"rendered":"https:\/\/fmnativa.com\/portal\/?p=653"},"modified":"2020-09-09T22:54:37","modified_gmt":"2020-09-09T22:54:37","slug":"programa-aportes-de-capital-privado-para-infraestructura-deportiva-en-clubes","status":"publish","type":"post","link":"https:\/\/fmnativa.com\/portal\/2020\/09\/09\/programa-aportes-de-capital-privado-para-infraestructura-deportiva-en-clubes\/","title":{"rendered":"PROGRAMA \u201cAPORTES DE CAPITAL PRIVADO\u201d PARA INFRAESTRUCTURA DEPORTIVA EN CLUBES"},"content":{"rendered":"<div id=\"fb-root\"><\/div>\n<h3>SE ABRIO LA INSCRIPCION<\/h3>\n<p class=\"relative\">El Gobierno de Avellaneda informa a los clubes que el Gobierno de Santa Fe abri\u00f3 la inscripci\u00f3n para las entidades deportivas que deseen acceder al programa de Aportes del Capital Privado (Ley N\u00ba 10.554), recepcionando la documentaci\u00f3n hasta el 25 de septiembre.<\/p>\n<article class=\"c-dark\"><strong>EL PROGRAMA<\/strong><\/p>\n<p>El programa posibilita que empresas del sector privado se conviertan en socios estrat\u00e9gicos para el desarrollo de la infraestructura deportiva de los clubes o instituciones primarias de su localidad o de la provincia, aportando hasta un 20% de lo que abonan en concepto de impuestos sobre Ingresos Brutos.<\/p>\n<p>Aquellas instituciones que se hayan presentado a\u00f1os anteriores podr\u00e1n hacerlo tambi\u00e9n en esta oportunidad teniendo el requisito adicional de haber realizado la rendici\u00f3n completa de fondos hasta la fecha.<\/p>\n<p><u>Informes<\/u>: Subsecretar\u00eda de Deportes, de lunes a viernes de 8 a 14hs en el Municipio local. Tel. fijo (3482) 481079. E mail:\u00a0<a href=\"mailto:deportes@avellaneda.gob.ar\">deportes@avellaneda.gob.ar<\/a><\/p>\n<p>Para conocer los requisitos para acceder al programa Aportes del Capital Privado ingresar en\u00a0<a href=\"https:\/\/www.santafe.gob.ar\/index.php\/tramites\/modul1\/indexm=descripcion&amp;id=98785\">https:\/\/www.santafe.gob.ar\/index.php\/tramites\/modul1\/indexm=descripcion&amp;id=98785<\/a>)<\/p>\n<\/article>\n","protected":false},"excerpt":{"rendered":"<p>SE ABRIO LA INSCRIPCION El Gobierno de Avellaneda informa a los clubes que el Gobierno&#8230;<\/p>\n","protected":false},"author":1,"featured_media":654,"comment_status":"closed","ping_status":"closed","sticky":false,"template":"","format":"standard","meta":{"footnotes":""},"categories":[5],"tags":[211,210,212,15],"class_list":["post-653","post","type-post","status-publish","format-standard","has-post-thumbnail","hentry","category-locales","tag-club","tag-clubes","tag-infraestructura-programa","tag-santa-fe"],"featured_image_urls":{"full":["https:\/\/fmnativa.com\/portal\/wp-content\/uploads\/2020\/09\/1-75.jpg",768,576,false],"thumbnail":["https:\/\/fmnativa.com\/portal\/wp-content\/uploads\/2020\/09\/1-75-150x150.jpg",150,150,true],"medium":["https:\/\/fmnativa.com\/portal\/wp-content\/uploads\/2020\/09\/1-75-300x225.jpg",300,225,true],"medium_large":["https:\/\/fmnativa.com\/portal\/wp-content\/uploads\/2020\/09\/1-75.jpg",640,480,false],"large":["https:\/\/fmnativa.com\/portal\/wp-content\/uploads\/2020\/09\/1-75.jpg",640,480,false],"1536x1536":["https:\/\/fmnativa.com\/portal\/wp-content\/uploads\/2020\/09\/1-75.jpg",768,576,false],"2048x2048":["https:\/\/fmnativa.com\/portal\/wp-content\/uploads\/2020\/09\/1-75.jpg",768,576,false],"covernews-slider-full":["https:\/\/fmnativa.com\/portal\/wp-content\/uploads\/2020\/09\/1-75.jpg",768,576,false],"covernews-slider-center":["https:\/\/fmnativa.com\/portal\/wp-content\/uploads\/2020\/09\/1-75.jpg",667,500,false],"covernews-featured":["https:\/\/fmnativa.com\/portal\/wp-content\/uploads\/2020\/09\/1-75.jpg",768,576,false],"covernews-medium":["https:\/\/fmnativa.com\/portal\/wp-content\/uploads\/2020\/09\/1-75.jpg",453,340,false],"covernews-medium-square":["https:\/\/fmnativa.com\/portal\/wp-content\/uploads\/2020\/09\/1-75.jpg",333,250,false]},"author_info":{"info":["Fabian"]},"category_info":"<a href=\"https:\/\/fmnativa.com\/portal\/category\/locales\/\" rel=\"category tag\">LOCALES<\/a>","tag_info":"LOCALES","comment_count":"0","_links":{"self":[{"href":"https:\/\/fmnativa.com\/portal\/wp-json\/wp\/v2\/posts\/653","targetHints":{"allow":["GET"]}}],"collection":[{"href":"https:\/\/fmnativa.com\/portal\/wp-json\/wp\/v2\/posts"}],"about":[{"href":"https:\/\/fmnativa.com\/portal\/wp-json\/wp\/v2\/types\/post"}],"author":[{"embeddable":true,"href":"https:\/\/fmnativa.com\/portal\/wp-json\/wp\/v2\/users\/1"}],"replies":[{"embeddable":true,"href":"https:\/\/fmnativa.com\/portal\/wp-json\/wp\/v2\/comments?post=653"}],"version-history":[{"count":1,"href":"https:\/\/fmnativa.com\/portal\/wp-json\/wp\/v2\/posts\/653\/revisions"}],"predecessor-version":[{"id":655,"href":"https:\/\/fmnativa.com\/portal\/wp-json\/wp\/v2\/posts\/653\/revisions\/655"}],"wp:featuredmedia":[{"embeddable":true,"href":"https:\/\/fmnativa.com\/portal\/wp-json\/wp\/v2\/media\/654"}],"wp:attachment":[{"href":"https:\/\/fmnativa.com\/portal\/wp-json\/wp\/v2\/media?parent=653"}],"wp:term":[{"taxonomy":"category","embeddable":true,"href":"https:\/\/fmnativa.com\/portal\/wp-json\/wp\/v2\/categories?post=653"},{"taxonomy":"post_tag","embeddable":true,"href":"https:\/\/fmnativa.com\/portal\/wp-json\/wp\/v2\/tags?post=653"}],"curies":[{"name":"wp","href":"https:\/\/api.w.org\/{rel}","templated":true}]}}