{"id":67,"date":"2020-08-23T21:31:03","date_gmt":"2020-08-23T21:31:03","guid":{"rendered":"https:\/\/fmnativa.com\/portal\/?p=67"},"modified":"2020-08-24T01:58:31","modified_gmt":"2020-08-24T01:58:31","slug":"noticia-1","status":"publish","type":"post","link":"https:\/\/fmnativa.com\/portal\/2020\/08\/23\/noticia-1\/","title":{"rendered":"CORONAVIRUS &#8211; Situaci\u00f3n epidemiol\u00f3gica de la provincia"},"content":{"rendered":"<div id=\"fb-root\"><\/div>\n<p><strong>Informe actualizado al domingo 23 de agosto a las 19hs.<\/strong><\/p>\n<p>El Ministerio de Salud de Santa Fe, a trav\u00e9s de la Direcci\u00f3n Provincial de Epidemiolog\u00eda, informa a la poblaci\u00f3n que en el d\u00eda de la fecha <strong>se han confirmado\u00a0 215 casos nuevos de COVID-19<\/strong>, en el territorio provincial.<\/p>\n<p><strong>Casos nuevos confirmados<\/strong><\/p>\n<p>Los casos nuevos corresponden a las localidades de:<\/p>\n<ul>\n<li>99 de Rosario.<\/li>\n<li>18 de Santa Fe.<\/li>\n<li>12 de Esperanza.<\/li>\n<li>11 de Venado Tuerto.<\/li>\n<li>10 de Villa Constituci\u00f3n.<\/li>\n<li>8 de Funes.<\/li>\n<li>7 de San Lorenzo.<\/li>\n<li>5 de Coronda.<\/li>\n<li>5 de Firmat.<\/li>\n<li>5 de Santo Tom\u00e9.<\/li>\n<li>5 de Villa gobernador G\u00e1lvez.<\/li>\n<li>3 de Pueblo Esther.<\/li>\n<li>3 de San Jer\u00f3nimo Norte.<\/li>\n<li>2 de Casilda.<\/li>\n<li>2 de Granadero Baigorria.<\/li>\n<li>2 de Humboldt.<\/li>\n<li>2 de P\u00e9rez.<\/li>\n<li>2 de Reconquista.<\/li>\n<li>2 de Soldini.<\/li>\n<li>1 de Alvear.<\/li>\n<li>1 de Capit\u00e1n Berm\u00fadez.<\/li>\n<li>1 de Empalme Villa Constituci\u00f3n.<\/li>\n<li>1 de Fray Luis Beltr\u00e1n.<\/li>\n<li>1 de Las Rosas.<\/li>\n<li>1 de Monte Vera.<\/li>\n<li>1 de Pilar.<\/li>\n<li>1 de Ricardone.<\/li>\n<li>1 de Sunchales.<\/li>\n<li>1 de Zavalla.<\/li>\n<li>1 de Rafaela.<\/li>\n<li>1 de Franck.<\/li>\n<\/ul>\n<p>&nbsp;<\/p>\n<p>Dado el volumen de casos confirmados al momento del corte para el parte, no se informan los datos epidemiol\u00f3gicos, al continuarse con la investigaci\u00f3n de los mismos.<\/p>\n<p><strong>Casos totales confirmados <\/strong><\/p>\n<p>El total de casos desde el comienzo de la pandemia a la fecha es <strong>4822<\/strong>.<\/p>\n<p><strong>Fallecidos<\/strong><\/p>\n<p>En el d\u00eda de la fecha se informa el fallecimiento de tres personas con COVID-19, 3 pacientes (83 a\u00f1os, 86 a\u00f1osy 88 a\u00f1os)con comorbilidades y residencia en la localidad de Santo Tom\u00e9.<\/p>\n<p>Hasta la fecha se registran un total de cincuenta y cuatro (54)fallecidos en la provincia.<\/p>\n<p><strong>Internados<\/strong><\/p>\n<p>Cuarenta y ocho(48) pacientes se encuentran internados en cuidados intensivos: 23 con asistencia respiratoria mec\u00e1nica y 25 sin asistencia respiratoria mec\u00e1nica.<\/p>\n<p>Ciento treinta y cinco(135) pacientes se encuentran internados en sala general.<\/p>\n<p>Los dem\u00e1s casos confirmados presentan una evoluci\u00f3n favorable.<\/p>\n<p><strong>Recuperados<\/strong><\/p>\n<p>Hay un total de 3.228 pacientes recuperados.<\/p>\n<p><strong>Notificaciones<\/strong><\/p>\n<p style=\"text-align: center;\"><a href=\"https:\/\/fmnativa.com\/portal\/wp-content\/uploads\/2020\/08\/23-08-2020-19.30-hs-Parte-MSSF-Coronavirus.pdf\" class=\"pdfemb-viewer\" style=\"\" data-width=\"max\" data-height=\"max\" data-toolbar=\"bottom\" data-toolbar-fixed=\"off\">23-08-2020-19.30-hs-Parte-MSSF-Coronavirus<\/a><\/p>\n","protected":false},"excerpt":{"rendered":"<p>Informe actualizado al domingo 23 de agosto a las 19hs. El Ministerio de Salud de&#8230;<\/p>\n","protected":false},"author":1,"featured_media":135,"comment_status":"open","ping_status":"open","sticky":false,"template":"","format":"standard","meta":{"footnotes":""},"categories":[7],"tags":[],"class_list":["post-67","post","type-post","status-publish","format-standard","has-post-thumbnail","hentry","category-provinciales"],"featured_image_urls":{"full":["https:\/\/fmnativa.com\/portal\/wp-content\/uploads\/2020\/08\/AAA-CORONAVIRUS-SANTA-FE.jpg",694,694,false],"thumbnail":["https:\/\/fmnativa.com\/portal\/wp-content\/uploads\/2020\/08\/AAA-CORONAVIRUS-SANTA-FE-150x150.jpg",150,150,true],"medium":["https:\/\/fmnativa.com\/portal\/wp-content\/uploads\/2020\/08\/AAA-CORONAVIRUS-SANTA-FE-300x300.jpg",300,300,true],"medium_large":["https:\/\/fmnativa.com\/portal\/wp-content\/uploads\/2020\/08\/AAA-CORONAVIRUS-SANTA-FE.jpg",640,640,false],"large":["https:\/\/fmnativa.com\/portal\/wp-content\/uploads\/2020\/08\/AAA-CORONAVIRUS-SANTA-FE.jpg",640,640,false],"1536x1536":["https:\/\/fmnativa.com\/portal\/wp-content\/uploads\/2020\/08\/AAA-CORONAVIRUS-SANTA-FE.jpg",694,694,false],"2048x2048":["https:\/\/fmnativa.com\/portal\/wp-content\/uploads\/2020\/08\/AAA-CORONAVIRUS-SANTA-FE.jpg",694,694,false],"covernews-slider-full":["https:\/\/fmnativa.com\/portal\/wp-content\/uploads\/2020\/08\/AAA-CORONAVIRUS-SANTA-FE.jpg",694,694,false],"covernews-slider-center":["https:\/\/fmnativa.com\/portal\/wp-content\/uploads\/2020\/08\/AAA-CORONAVIRUS-SANTA-FE.jpg",500,500,false],"covernews-featured":["https:\/\/fmnativa.com\/portal\/wp-content\/uploads\/2020\/08\/AAA-CORONAVIRUS-SANTA-FE.jpg",694,694,false],"covernews-medium":["https:\/\/fmnativa.com\/portal\/wp-content\/uploads\/2020\/08\/AAA-CORONAVIRUS-SANTA-FE.jpg",340,340,false],"covernews-medium-square":["https:\/\/fmnativa.com\/portal\/wp-content\/uploads\/2020\/08\/AAA-CORONAVIRUS-SANTA-FE.jpg",250,250,false]},"author_info":{"info":["Fabian"]},"category_info":"<a href=\"https:\/\/fmnativa.com\/portal\/category\/provinciales\/\" rel=\"category tag\">PROVINCIALES<\/a>","tag_info":"PROVINCIALES","comment_count":"0","_links":{"self":[{"href":"https:\/\/fmnativa.com\/portal\/wp-json\/wp\/v2\/posts\/67","targetHints":{"allow":["GET"]}}],"collection":[{"href":"https:\/\/fmnativa.com\/portal\/wp-json\/wp\/v2\/posts"}],"about":[{"href":"https:\/\/fmnativa.com\/portal\/wp-json\/wp\/v2\/types\/post"}],"author":[{"embeddable":true,"href":"https:\/\/fmnativa.com\/portal\/wp-json\/wp\/v2\/users\/1"}],"replies":[{"embeddable":true,"href":"https:\/\/fmnativa.com\/portal\/wp-json\/wp\/v2\/comments?post=67"}],"version-history":[{"count":4,"href":"https:\/\/fmnativa.com\/portal\/wp-json\/wp\/v2\/posts\/67\/revisions"}],"predecessor-version":[{"id":136,"href":"https:\/\/fmnativa.com\/portal\/wp-json\/wp\/v2\/posts\/67\/revisions\/136"}],"wp:featuredmedia":[{"embeddable":true,"href":"https:\/\/fmnativa.com\/portal\/wp-json\/wp\/v2\/media\/135"}],"wp:attachment":[{"href":"https:\/\/fmnativa.com\/portal\/wp-json\/wp\/v2\/media?parent=67"}],"wp:term":[{"taxonomy":"category","embeddable":true,"href":"https:\/\/fmnativa.com\/portal\/wp-json\/wp\/v2\/categories?post=67"},{"taxonomy":"post_tag","embeddable":true,"href":"https:\/\/fmnativa.com\/portal\/wp-json\/wp\/v2\/tags?post=67"}],"curies":[{"name":"wp","href":"https:\/\/api.w.org\/{rel}","templated":true}]}}