{"id":726,"date":"2020-09-10T21:13:33","date_gmt":"2020-09-10T21:13:33","guid":{"rendered":"https:\/\/fmnativa.com\/portal\/?p=726"},"modified":"2020-09-10T21:13:33","modified_gmt":"2020-09-10T21:13:33","slug":"tension-politica-tras-el-anuncio-de-quita-de-coparticipacion-rodriguez-larreta-recurrira-a-la-corte-suprema","status":"publish","type":"post","link":"https:\/\/fmnativa.com\/portal\/2020\/09\/10\/tension-politica-tras-el-anuncio-de-quita-de-coparticipacion-rodriguez-larreta-recurrira-a-la-corte-suprema\/","title":{"rendered":"TENSION POLITICA, TRAS EL ANUNCIO DE QUITA DE COPARTICIPACI\u00d3N RODRIGUEZ LARRETA RECURRIR\u00c1 A LA CORTE SUPREMA"},"content":{"rendered":"<div id=\"fb-root\"><\/div>\n<h4 class=\"article-headline | bold width_full\">Rodr\u00edguez Larreta se reuni\u00f3 con sus socios de la coalici\u00f3n y tiene decidido recurrir a la Corte Suprema por la quita de la coparticipaci\u00f3n<\/h4>\n<h4 class=\"article-subheadline | article-subheadline padding_vertical_5px border_bottom border_1 border_lightgray width_full\">El jefe de Gobierno almorz\u00f3 con los principales dirigentes porte\u00f1os de la UCR y la Coalici\u00f3n C\u00edvica. C\u00f3mo sigue la relaci\u00f3n con el Gobierno. El anuncio ser\u00e1 a \u00faltima hora del d\u00eda<\/h4>\n<p class=\"font_tertiary paragraph\"><b>Horacio Rodr\u00edguez Larreta\u00a0<\/b>lo ten\u00eda definido desde ayer a la noche y lo termin\u00f3 de consensuar este mediod\u00eda en el almuerzo que convoc\u00f3 de urgencia en el comedor principal de la sede de gobierno de la calle Uspallata:\u00a0<mark class=\"hl_yellow\">a \u00faltima hora de la tarde, el jefe de la Ciudad dar\u00e1 la respuesta oficial a la decisi\u00f3n de\u00a0<b>Alberto Fern\u00e1ndez<\/b>\u00a0de recorte de la coparticipaci\u00f3n porte\u00f1a y anunciar\u00e1 que recurrir\u00e1 a la Corte Suprema.<\/mark><\/p>\n<p class=\"font_tertiary paragraph\">El jefe de Gobierno almorz\u00f3 en el sal\u00f3n contiguo a su oficina junto a\u00a0<b>Diego Santilli, Felipe Miguel\u00a0<\/b>y sus cerebros del equipo de comunicaci\u00f3n; los senadores\u00a0<b>Mart\u00edn Lousteau\u00a0<\/b>y<b>\u00a0Guadalupe Tagliaferri, los diputados Maximiliano Ferraro y Paula Oliveto,\u00a0<\/b>y<b>\u00a0Sergio Abrevaya<\/b>. \u201cHoracio nunca va a demostrar si est\u00e1 enojado. Pero s\u00ed estaba raro\u201d, asegur\u00f3 a este medio uno de los comensales.<\/p>\n<p class=\"font_tertiary paragraph\">Lousteau, que desde el verano asesora a Rodr\u00edguez Larreta por este tema y que tiene un acuerdo con \u00e9l en la Ciudad, fue anoche el m\u00e1s contundente. Es l\u00f3gico:\u00a0<b>la sucesi\u00f3n porte\u00f1a est\u00e1 entre sus objetivos.<\/b><\/p>\n<p class=\"font_tertiary paragraph\">La decisi\u00f3n de este mi\u00e9rcoles del Presidente de anunciar una quita del\u00a0<mark class=\"hl_yellow\"><b>1.18% -unos $40.000 millones- de la porci\u00f3n que la Ciudad recibe por coparticipaci\u00f3n<\/b><\/mark>\u00a0para financiar, seg\u00fan explic\u00f3, un fondo fiscal destinado a paliar la crisis salarial de la Polic\u00eda bonaerense -el decreto fue publicado esta ma\u00f1ana en el Bolet\u00edn Oficial-, sorprendi\u00f3 a la c\u00fapula de la administraci\u00f3n local.<\/p>\n<p class=\"font_tertiary paragraph\">Fern\u00e1ndez y Rodr\u00edguez Larreta\u00a0<b>no hablaban puntualmente de ese rubro desde marzo, cuando la crisis sanitaria se apoder\u00f3 de la agenda p\u00fablica<\/b>. Tampoco tuvo m\u00e1s novedades el ministro de Hacienda porte\u00f1o, Mart\u00edn Mura, que desde anoche est\u00e1 abocado al an\u00e1lisis del impacto de la decisi\u00f3n de la Casa Rosada en las arcas de la Ciudad.<\/p>\n<picture class=\"font_tertiary visual__image\"><source srcset=\"https:\/\/www.infobae.com\/new-resizer\/8ZegxD-cd1fM1brAaA96-LAwFo0=\/768x432\/filters:format(jpg):quality(85)\/cloudfront-us-east-1.images.arcpublishing.com\/infobae\/YQYPD5VHCBCATKFOSSPMRHE5YU.jpg 1200w\" type=\"image\/jpg\" \/><source srcset=\"https:\/\/www.infobae.com\/new-resizer\/8ZegxD-cd1fM1brAaA96-LAwFo0=\/768x432\/filters:format(jpg):quality(85)\/cloudfront-us-east-1.images.arcpublishing.com\/infobae\/YQYPD5VHCBCATKFOSSPMRHE5YU.jpg 992w\" type=\"image\/jpg\" \/><source srcset=\"https:\/\/www.infobae.com\/new-resizer\/8ZegxD-cd1fM1brAaA96-LAwFo0=\/768x432\/filters:format(jpg):quality(85)\/cloudfront-us-east-1.images.arcpublishing.com\/infobae\/YQYPD5VHCBCATKFOSSPMRHE5YU.jpg 768w\" type=\"image\/jpg\" \/><source srcset=\"https:\/\/www.infobae.com\/new-resizer\/9-kZEcT2t-TUOdSOOoVJZN1lp7Y=\/420x236\/filters:format(jpg):quality(85)\/cloudfront-us-east-1.images.arcpublishing.com\/infobae\/YQYPD5VHCBCATKFOSSPMRHE5YU.jpg 420w\" type=\"image\/jpg\" \/><img fetchpriority=\"high\" decoding=\"async\" src=\"https:\/\/www.infobae.com\/new-resizer\/9-kZEcT2t-TUOdSOOoVJZN1lp7Y=\/420x236\/filters:format(jpg):quality(85)\/\/cloudfront-us-east-1.images.arcpublishing.com\/infobae\/YQYPD5VHCBCATKFOSSPMRHE5YU.jpg\" alt=\"Horacio Rodr\u00edguez Larreta, Diego Santilli, Mart\u00edn Lousteau, Guadalupe Tagliaferri y Maximiliano Ferraro\" width=\"1920\" height=\"1080\" \/>Horacio Rodr\u00edguez Larreta, Diego Santilli, Mart\u00edn Lousteau, Guadalupe Tagliaferri y Maximiliano Ferraro<\/picture>\n<p class=\"font_tertiary paragraph\"><b>S\u00ed hubo conversaciones en torno al traspaso de la Justicia Nacional penal a la \u00f3rbita de la Ciudad, contemplado en el proyecto de reforma judicial que avanza en el Congreso.<\/b>\u00a0Pero no se habl\u00f3 en concreto.<\/p>\n<p class=\"font_tertiary paragraph\">Los funcionarios m\u00e1s perspicaces del Gobierno de la Ciudad le hab\u00edan avisado a Rodr\u00edguez Larreta que en el Ministerio del Interior se empezaba a reactivar una iniciativa orientada a recortarle un punto de coparticipaci\u00f3n.\u00a0<mark class=\"hl_yellow\"><b>El jefe de Gobierno empez\u00f3 a ver que la idea tomaba forma cuando el jefe de Estado comenz\u00f3 a machacar, en las \u00faltimas semanas, con la \u201copulencia\u201d de la Ciudad.<\/b><\/mark><\/p>\n<p class=\"font_tertiary paragraph\">El almuerzo del Presidente con Cristina Kirchner de hace dos domingos, y la inesperada revuelta policial frente a las narices de\u00a0<b>Axel Kicillof\u00a0<\/b>terminaron de apurar el recorte. Lo hicieron amparados en el aumento de fondos que\u00a0<b>Mauricio Macri<\/b>\u00a0le dio al alcalde apenas asumi\u00f3 en el 2016: de 1.4% a 3.75%.\u00a0<b>Al final, termin\u00f3 en 3.5%.<\/b><\/p>\n<p class=\"font_tertiary paragraph\">El jefe de Gobierno cont\u00f3 en la comida de este mediod\u00eda que Fern\u00e1ndez le avis\u00f3 apenas unos minutos antes de que anunciara la quita por televisi\u00f3n, rodeado de los intendentes del PRO del Gran Buenos Aires, que se fueron de Olivos calientes como una pipa reci\u00e9n encendida. Tambi\u00e9n\u00a0<b>Eduardo \u201cWado\u201d de Pedro<\/b>, a qui\u00e9n empez\u00f3 a frecuentar durante la campa\u00f1a del a\u00f1o pasado por cortes\u00eda de su amigo\u00a0<b>Sergio Massa<\/b>. El cruce de mensajes con el ministro del Interior fue, por primera vez, m\u00e1s tenso que en otras oportunidades.<\/p>\n<p class=\"font_tertiary paragraph\"><b>El alcalde reuni\u00f3 ayer hasta tarde a su \u201ccomit\u00e9 de crisis\u201d en su departamento de la avenida Libertador. Incluy\u00f3 en ese grupo cerrado a la ex gobernadora Mar\u00eda Eugenia Vidal<\/b>.<\/p>\n<p class=\"font_tertiary paragraph\"><mark class=\"hl_yellow\">\u201cFirmeza, templanza y car\u00e1cter\u00bb, fue el consejo que algunos de los comensales de la coalici\u00f3n porte\u00f1a del PRO, la UCR y la CC le transmitieron este mediod\u00eda a Rodr\u00edguez Larreta<\/mark>\u00a0de cara al anuncio que tiene previsto encabezar, a \u00faltima hora del d\u00eda, en la planta baja del edificio de Uspallata. A media ma\u00f1ana ya hab\u00edan empezado a colocar los atriles. Y pensaban la puesta en escena, que podr\u00eda incluir a buena parte del gabinete, en especial a aquellos funcionarios a cargo de las \u00e1reas m\u00e1s sensibles de la Ciudad.\u00a0<b>La foto, dicen, es tan importante como el mensaje.<\/b><\/p>\n<picture class=\"font_tertiary visual__image\"><source srcset=\"https:\/\/www.infobae.com\/new-resizer\/OVhTJEDt6qTQMOovuOKoJ21kUaQ=\/768x432\/filters:format(jpg):quality(85)\/cloudfront-us-east-1.images.arcpublishing.com\/infobae\/C65CMRBQNBBUBKEPYNQOSB5U3Y.jpg 1200w\" type=\"image\/jpg\" \/><source srcset=\"https:\/\/www.infobae.com\/new-resizer\/OVhTJEDt6qTQMOovuOKoJ21kUaQ=\/768x432\/filters:format(jpg):quality(85)\/cloudfront-us-east-1.images.arcpublishing.com\/infobae\/C65CMRBQNBBUBKEPYNQOSB5U3Y.jpg 992w\" type=\"image\/jpg\" \/><source srcset=\"https:\/\/www.infobae.com\/new-resizer\/OVhTJEDt6qTQMOovuOKoJ21kUaQ=\/768x432\/filters:format(jpg):quality(85)\/cloudfront-us-east-1.images.arcpublishing.com\/infobae\/C65CMRBQNBBUBKEPYNQOSB5U3Y.jpg 768w\" type=\"image\/jpg\" \/><source srcset=\"https:\/\/www.infobae.com\/new-resizer\/pdWmsS3ZV5pEYZt3LR0VCvqvh3k=\/420x236\/filters:format(jpg):quality(85)\/cloudfront-us-east-1.images.arcpublishing.com\/infobae\/C65CMRBQNBBUBKEPYNQOSB5U3Y.jpg 420w\" type=\"image\/jpg\" \/><img decoding=\"async\" src=\"https:\/\/www.infobae.com\/new-resizer\/pdWmsS3ZV5pEYZt3LR0VCvqvh3k=\/420x236\/filters:format(jpg):quality(85)\/\/cloudfront-us-east-1.images.arcpublishing.com\/infobae\/C65CMRBQNBBUBKEPYNQOSB5U3Y.jpg\" alt=\"Horacio Rodr\u00edguez Larreta y Alberto Fern\u00e1ndez\" width=\"1920\" height=\"1080\" \/>Horacio Rodr\u00edguez Larreta y Alberto Fern\u00e1ndez<\/picture>\n<p class=\"font_tertiary paragraph\"><b>El jefe de Gobierno, que seg\u00fan sus colaboradores es un \u201capologista de la moderaci\u00f3n\u201d, no va a romper el di\u00e1logo con la Casa Rosada.<\/b>\u00a0S\u00ed va a marcar distancia, aunque va a sostener su compromiso con la administraci\u00f3n de la crisis sanitaria en torno al coronavirus, aseguraron en su entorno. Las encuestas que desmenuzan semanalmente resaltan, seg\u00fan los especialistas de la administraci\u00f3n porte\u00f1a, que\u00a0<b>buena parte de la sociedad valora ese estilo de liderazgo. El problema para Rodr\u00edguez Larreta es que dentro de su propia alianza pol\u00edtica los extremos se hacen o\u00edr cada vez m\u00e1s.<\/b><\/p>\n<p class=\"font_tertiary paragraph\"><mark class=\"hl_yellow\">El jefe de la Ciudad ya hab\u00eda analizado en marzo junto a sus asesores jur\u00eddicos la posibilidad de recurrir a la Corte Suprema si la Casa Rosada al final avanzada en el recorte de los fondos que env\u00eda autom\u00e1ticamente a las provincias.\u00a0<\/mark>Se hablaba, en esos d\u00edas, de una quita de entre el 0,5% y el 1.5%.<\/p>\n<p class=\"font_tertiary paragraph\"><b>\u201cLarreta no puede hacerse el sorprendido. En marzo firmaban una quita de este tipo\u201d<\/b>, razonaban anoche desde el c\u00edrculo presidencial, envalentonados con el anuncio de Fern\u00e1ndez, que tensiona al m\u00e1ximo el v\u00ednculo con la oposici\u00f3n. Hasta la semana pasada, trataban de robustecer el v\u00ednculo para repeler a los sectores m\u00e1s radicales de ambos sectores.<\/p>\n<p class=\"font_tertiary paragraph\">El jefe de Gobierno jura estar sorprendido. Por las formas, y por el fondo de la discusi\u00f3n. La respuesta oficial de hoy es, seg\u00fan la dirigencia del PRO, clave para conocer sus pretensiones.\u00a0<b>La duda es, una vez jugadas las cartas por parte del Frente de Todos, hasta d\u00f3nde \u00e9l es capaz de tensionar.<\/b><\/p>\n<p>FUENTE INFOBAE<\/p>\n","protected":false},"excerpt":{"rendered":"<p>Rodr\u00edguez Larreta se reuni\u00f3 con sus socios de la coalici\u00f3n y tiene decidido recurrir a&#8230;<\/p>\n","protected":false},"author":1,"featured_media":0,"comment_status":"closed","ping_status":"closed","sticky":false,"template":"","format":"standard","meta":{"footnotes":""},"categories":[8],"tags":[78,43,215,59,244,25,243,242],"class_list":["post-726","post","type-post","status-publish","format-standard","hentry","category-nacionales","tag-alberto-fernandez","tag-argentina","tag-coparticipacion","tag-juntos-por-el-cambio","tag-pj","tag-politica","tag-pro","tag-rodriguez-larreta"],"featured_image_urls":{"full":"","thumbnail":"","medium":"","medium_large":"","large":"","1536x1536":"","2048x2048":"","covernews-slider-full":"","covernews-slider-center":"","covernews-featured":"","covernews-medium":"","covernews-medium-square":""},"author_info":{"info":["Fabian"]},"category_info":"<a href=\"https:\/\/fmnativa.com\/portal\/category\/nacionales\/\" rel=\"category tag\">Nacionales<\/a>","tag_info":"Nacionales","comment_count":"0","_links":{"self":[{"href":"https:\/\/fmnativa.com\/portal\/wp-json\/wp\/v2\/posts\/726","targetHints":{"allow":["GET"]}}],"collection":[{"href":"https:\/\/fmnativa.com\/portal\/wp-json\/wp\/v2\/posts"}],"about":[{"href":"https:\/\/fmnativa.com\/portal\/wp-json\/wp\/v2\/types\/post"}],"author":[{"embeddable":true,"href":"https:\/\/fmnativa.com\/portal\/wp-json\/wp\/v2\/users\/1"}],"replies":[{"embeddable":true,"href":"https:\/\/fmnativa.com\/portal\/wp-json\/wp\/v2\/comments?post=726"}],"version-history":[{"count":1,"href":"https:\/\/fmnativa.com\/portal\/wp-json\/wp\/v2\/posts\/726\/revisions"}],"predecessor-version":[{"id":727,"href":"https:\/\/fmnativa.com\/portal\/wp-json\/wp\/v2\/posts\/726\/revisions\/727"}],"wp:attachment":[{"href":"https:\/\/fmnativa.com\/portal\/wp-json\/wp\/v2\/media?parent=726"}],"wp:term":[{"taxonomy":"category","embeddable":true,"href":"https:\/\/fmnativa.com\/portal\/wp-json\/wp\/v2\/categories?post=726"},{"taxonomy":"post_tag","embeddable":true,"href":"https:\/\/fmnativa.com\/portal\/wp-json\/wp\/v2\/tags?post=726"}],"curies":[{"name":"wp","href":"https:\/\/api.w.org\/{rel}","templated":true}]}}