{"id":754,"date":"2020-09-12T22:44:17","date_gmt":"2020-09-12T22:44:17","guid":{"rendered":"https:\/\/fmnativa.com\/portal\/?p=754"},"modified":"2020-09-12T22:44:48","modified_gmt":"2020-09-12T22:44:48","slug":"la-provincia-trabaja-en-una-nueva-asistencia-a-distintos-sectores","status":"publish","type":"post","link":"https:\/\/fmnativa.com\/portal\/2020\/09\/12\/la-provincia-trabaja-en-una-nueva-asistencia-a-distintos-sectores\/","title":{"rendered":"LA PROVINCIA TRABAJA EN UNA NUEVA ASISTENCIA A DISTINTOS SECTORES"},"content":{"rendered":"<div id=\"fb-root\"><\/div>\n<p>Seg\u00fan adelant\u00f3 el ministro de Producci\u00f3n, Daniel Costamagna, se trata de <strong>Santa Fe de Pie<\/strong> \u00ab<strong><em>el plan de apoyo m\u00e1s ambicioso y abarcativo para todas las \u00e1reas de Santa Fe<\/em><\/strong>\u00ab.<\/p>\n<p>En el marco de la pandemia Covid-19, y en continuidad con el esquema de apoyo al sector productivo y comercial de la provincia, el ministro de Producci\u00f3n, Ciencia y Tecnolog\u00eda, Daniel Constamagna, adelant\u00f3 el inminente lanzamiento de un paquete de medidas encuadrado en el programa Santa Fe de Pie, que adelant\u00f3 d\u00edas pasados el gobernador Omar Perotti.<\/p>\n<p>\u201cSe destinar\u00e1n 2.400 millones de pesos que estar\u00e1n a disposici\u00f3n de todo el arco productivo santafesino en distintos formatos.<\/p>\n<p>Las medidas van a incluir l\u00edneas de financiamiento a tasas subsidiadas, garant\u00edas rec\u00edprocas, cr\u00e9ditos a tasa cero, aportes no reintegrables, descuentos en servicios p\u00fablicos y beneficios impositivos\u201d, detall\u00f3 el funcionario<\/p>\n<p>En ese sentido, confirm\u00f3 que \u201cser\u00e1n herramientas muy importantes que contribuir\u00e1n a atravesar esta coyuntura bajo un esquema que fue consensuado con las entidades de la producci\u00f3n y el comercio de la provincia\u201d.<\/p>\n<p>Asimismo, el ministro afirm\u00f3 que \u201cestamos siguiendo de cerca la situaci\u00f3n de los sectores m\u00e1s perjudicados que son los que nunca pudieron retomar su actividad normalmente o que lo hicieron por un tiempo y tuvieron que volver a cerrarse, como hoteler\u00eda, gastronom\u00eda, salones de eventos, canchas de f\u00fatbol 5, jardines de infantes, transportes escolares y gimnasios, entre otros\u201d.<\/p>\n<p>Para ellos -subray\u00f3 Costamagna- est\u00e1 en vigencia la Asistencia Econ\u00f3mica de Emergencia que dispuso el gobernador Omar Perotti y que, a partir de las \u00faltimas medidas sanitarias, tendr\u00e1 unos 50 millones de pesos destinados a<br \/>\nlos cinco departamentos del sur de la provincia\u201d.<\/p>\n<p>Por otro lado, el titular de la cartera productiva ponder\u00f3 el trabajo articulado con Naci\u00f3n en favor de la reactivaci\u00f3n pospandemia: \u201cCoordinamos acciones de ayuda a las pymes para capital de trabajo, y, fundamentalmente, en<br \/>\nel apoyo a proyectos de inversi\u00f3n cient\u00edfico-tecnol\u00f3gica\u201d.<\/p>\n<p>\u201cEn Santa Fe -confirm\u00f3- relevamos demandas de innovaci\u00f3n de nuestras empresas y m\u00e1s de 600 han planteado sus necesidades. En el camino a reactivaci\u00f3n econ\u00f3mica tenemos que considerar estos desarrollos que le<br \/>\nagregar\u00e1n valor, eficiencia y productividad a la provincia\u201d.<\/p>\n<p>Finalmente, el funcionario provincial valor\u00f3 el alto nivel de actividad industrial que fue posible mantener en la provincia: \u201cLa mayor\u00eda de las cadenas productivas santafesinas nunca pararon y est\u00e1n trabajando muy bien. Cerca del<br \/>\n99% de nuestras industrias han manifestado que, con distintos niveles, han conseguido mantener su<\/p>\n<p>Y concluy\u00f3: \u201cEsto se debe a un enorme esfuerzo que han hecho nuestros empresarios y trabajadores en producir con estrictos protocolos sanitarios. Sin salud no hay producci\u00f3n, y lo hemos dicho infinidad de veces: la<br \/>\nmejor vacuna que hoy tenemos es la conducta de cada uno\u201d.<\/p>\n<p>Fuente: LA CAPITAL<\/p>\n","protected":false},"excerpt":{"rendered":"<p>Seg\u00fan adelant\u00f3 el ministro de Producci\u00f3n, Daniel Costamagna, se trata de Santa Fe de Pie&#8230;<\/p>\n","protected":false},"author":1,"featured_media":755,"comment_status":"closed","ping_status":"closed","sticky":false,"template":"","format":"standard","meta":{"footnotes":""},"categories":[7],"tags":[196,149,255,62,245,75,257,256,258],"class_list":["post-754","post","type-post","status-publish","format-standard","has-post-thumbnail","hentry","category-provinciales","tag-asistencia","tag-ayuda","tag-comercios","tag-economia","tag-empresas","tag-perotti","tag-santa-fe-provincia","tag-servicios","tag-walter-agosto"],"featured_image_urls":{"full":["https:\/\/fmnativa.com\/portal\/wp-content\/uploads\/2020\/09\/1-90.jpg",1024,680,false],"thumbnail":["https:\/\/fmnativa.com\/portal\/wp-content\/uploads\/2020\/09\/1-90-150x150.jpg",150,150,true],"medium":["https:\/\/fmnativa.com\/portal\/wp-content\/uploads\/2020\/09\/1-90-300x199.jpg",300,199,true],"medium_large":["https:\/\/fmnativa.com\/portal\/wp-content\/uploads\/2020\/09\/1-90-768x510.jpg",640,425,true],"large":["https:\/\/fmnativa.com\/portal\/wp-content\/uploads\/2020\/09\/1-90.jpg",640,425,false],"1536x1536":["https:\/\/fmnativa.com\/portal\/wp-content\/uploads\/2020\/09\/1-90.jpg",1024,680,false],"2048x2048":["https:\/\/fmnativa.com\/portal\/wp-content\/uploads\/2020\/09\/1-90.jpg",1024,680,false],"covernews-slider-full":["https:\/\/fmnativa.com\/portal\/wp-content\/uploads\/2020\/09\/1-90.jpg",1024,680,false],"covernews-slider-center":["https:\/\/fmnativa.com\/portal\/wp-content\/uploads\/2020\/09\/1-90.jpg",753,500,false],"covernews-featured":["https:\/\/fmnativa.com\/portal\/wp-content\/uploads\/2020\/09\/1-90.jpg",1024,680,false],"covernews-medium":["https:\/\/fmnativa.com\/portal\/wp-content\/uploads\/2020\/09\/1-90.jpg",512,340,false],"covernews-medium-square":["https:\/\/fmnativa.com\/portal\/wp-content\/uploads\/2020\/09\/1-90.jpg",376,250,false]},"author_info":{"info":["Fabian"]},"category_info":"<a href=\"https:\/\/fmnativa.com\/portal\/category\/provinciales\/\" rel=\"category tag\">PROVINCIALES<\/a>","tag_info":"PROVINCIALES","comment_count":"0","_links":{"self":[{"href":"https:\/\/fmnativa.com\/portal\/wp-json\/wp\/v2\/posts\/754","targetHints":{"allow":["GET"]}}],"collection":[{"href":"https:\/\/fmnativa.com\/portal\/wp-json\/wp\/v2\/posts"}],"about":[{"href":"https:\/\/fmnativa.com\/portal\/wp-json\/wp\/v2\/types\/post"}],"author":[{"embeddable":true,"href":"https:\/\/fmnativa.com\/portal\/wp-json\/wp\/v2\/users\/1"}],"replies":[{"embeddable":true,"href":"https:\/\/fmnativa.com\/portal\/wp-json\/wp\/v2\/comments?post=754"}],"version-history":[{"count":2,"href":"https:\/\/fmnativa.com\/portal\/wp-json\/wp\/v2\/posts\/754\/revisions"}],"predecessor-version":[{"id":757,"href":"https:\/\/fmnativa.com\/portal\/wp-json\/wp\/v2\/posts\/754\/revisions\/757"}],"wp:featuredmedia":[{"embeddable":true,"href":"https:\/\/fmnativa.com\/portal\/wp-json\/wp\/v2\/media\/755"}],"wp:attachment":[{"href":"https:\/\/fmnativa.com\/portal\/wp-json\/wp\/v2\/media?parent=754"}],"wp:term":[{"taxonomy":"category","embeddable":true,"href":"https:\/\/fmnativa.com\/portal\/wp-json\/wp\/v2\/categories?post=754"},{"taxonomy":"post_tag","embeddable":true,"href":"https:\/\/fmnativa.com\/portal\/wp-json\/wp\/v2\/tags?post=754"}],"curies":[{"name":"wp","href":"https:\/\/api.w.org\/{rel}","templated":true}]}}