{"id":778,"date":"2020-09-13T01:19:14","date_gmt":"2020-09-13T01:19:14","guid":{"rendered":"https:\/\/fmnativa.com\/portal\/?p=778"},"modified":"2020-09-13T01:19:14","modified_gmt":"2020-09-13T01:19:14","slug":"coronavirus-no-paran-de-aparecer-casos-en-reconquista-los-de-hoy-son-dos","status":"publish","type":"post","link":"https:\/\/fmnativa.com\/portal\/2020\/09\/13\/coronavirus-no-paran-de-aparecer-casos-en-reconquista-los-de-hoy-son-dos\/","title":{"rendered":"Coronavirus &#8211; NO PARAN DE APARECER CASOS EN RECONQUISTA, LOS DE HOY SON DOS"},"content":{"rendered":"<div id=\"fb-root\"><\/div>\n<p>La Regi\u00f3n de Salud Reconquista informa a la poblaci\u00f3n que este s\u00e1bado 12 de septiembre se confirmaron 2 nuevos casos de Covid-19 positivos en Reconquista.<\/p>\n<p>Al 12 de septiembre hay 6 localidades, en el \u00e1rea de influencia de la Regi\u00f3n de Salud Reconquista, con casos activos de Coronavirus: Reconquista, Avellaneda, Florencia, Villa Ocampo, Malabrigo y Alejandra.<br \/>\nTotal de casos activos a la fecha: 54 (52 cumpliendo aislamientos domiciliario obligatorio con vigilancia epidemiol\u00f3gica, 2 internados).<\/p>\n<p>AQUI EL PARTE OFICIAL<\/p>\n<a href=\"https:\/\/fmnativa.com\/portal\/wp-content\/uploads\/2020\/09\/Informe-diario-12-septiembre-2020.pdf\" class=\"pdfemb-viewer\" style=\"\" data-width=\"max\" data-height=\"max\" data-toolbar=\"bottom\" data-toolbar-fixed=\"off\">Informe diario 12 septiembre 2020<\/a>\n","protected":false},"excerpt":{"rendered":"<p>La Regi\u00f3n de Salud Reconquista informa a la poblaci\u00f3n que este s\u00e1bado 12 de septiembre&#8230;<\/p>\n","protected":false},"author":1,"featured_media":150,"comment_status":"closed","ping_status":"closed","sticky":false,"template":"","format":"standard","meta":{"footnotes":""},"categories":[49,6],"tags":[30,133,21,32,130,82,37,60,73,24],"class_list":["post-778","post","type-post","status-publish","format-standard","has-post-thumbnail","hentry","category-covid-19","category-regionales","tag-aislamiento","tag-coronavirus","tag-coronavirus-reconquista","tag-covid-19","tag-cuarentena","tag-hospital-central-reconquista","tag-reconquista","tag-region","tag-salud","tag-urgente"],"featured_image_urls":{"full":["https:\/\/fmnativa.com\/portal\/wp-content\/uploads\/2020\/08\/images.jpeg",259,194,false],"thumbnail":["https:\/\/fmnativa.com\/portal\/wp-content\/uploads\/2020\/08\/images-150x150.jpeg",150,150,true],"medium":["https:\/\/fmnativa.com\/portal\/wp-content\/uploads\/2020\/08\/images.jpeg",259,194,false],"medium_large":["https:\/\/fmnativa.com\/portal\/wp-content\/uploads\/2020\/08\/images.jpeg",259,194,false],"large":["https:\/\/fmnativa.com\/portal\/wp-content\/uploads\/2020\/08\/images.jpeg",259,194,false],"1536x1536":["https:\/\/fmnativa.com\/portal\/wp-content\/uploads\/2020\/08\/images.jpeg",259,194,false],"2048x2048":["https:\/\/fmnativa.com\/portal\/wp-content\/uploads\/2020\/08\/images.jpeg",259,194,false],"covernews-slider-full":["https:\/\/fmnativa.com\/portal\/wp-content\/uploads\/2020\/08\/images.jpeg",259,194,false],"covernews-slider-center":["https:\/\/fmnativa.com\/portal\/wp-content\/uploads\/2020\/08\/images.jpeg",259,194,false],"covernews-featured":["https:\/\/fmnativa.com\/portal\/wp-content\/uploads\/2020\/08\/images.jpeg",259,194,false],"covernews-medium":["https:\/\/fmnativa.com\/portal\/wp-content\/uploads\/2020\/08\/images.jpeg",259,194,false],"covernews-medium-square":["https:\/\/fmnativa.com\/portal\/wp-content\/uploads\/2020\/08\/images.jpeg",259,194,false]},"author_info":{"info":["Fabian"]},"category_info":"<a href=\"https:\/\/fmnativa.com\/portal\/category\/covid-19\/\" rel=\"category tag\">COVID 19<\/a> <a href=\"https:\/\/fmnativa.com\/portal\/category\/regionales\/\" rel=\"category tag\">REGIONALES<\/a>","tag_info":"REGIONALES","comment_count":"0","_links":{"self":[{"href":"https:\/\/fmnativa.com\/portal\/wp-json\/wp\/v2\/posts\/778","targetHints":{"allow":["GET"]}}],"collection":[{"href":"https:\/\/fmnativa.com\/portal\/wp-json\/wp\/v2\/posts"}],"about":[{"href":"https:\/\/fmnativa.com\/portal\/wp-json\/wp\/v2\/types\/post"}],"author":[{"embeddable":true,"href":"https:\/\/fmnativa.com\/portal\/wp-json\/wp\/v2\/users\/1"}],"replies":[{"embeddable":true,"href":"https:\/\/fmnativa.com\/portal\/wp-json\/wp\/v2\/comments?post=778"}],"version-history":[{"count":1,"href":"https:\/\/fmnativa.com\/portal\/wp-json\/wp\/v2\/posts\/778\/revisions"}],"predecessor-version":[{"id":780,"href":"https:\/\/fmnativa.com\/portal\/wp-json\/wp\/v2\/posts\/778\/revisions\/780"}],"wp:featuredmedia":[{"embeddable":true,"href":"https:\/\/fmnativa.com\/portal\/wp-json\/wp\/v2\/media\/150"}],"wp:attachment":[{"href":"https:\/\/fmnativa.com\/portal\/wp-json\/wp\/v2\/media?parent=778"}],"wp:term":[{"taxonomy":"category","embeddable":true,"href":"https:\/\/fmnativa.com\/portal\/wp-json\/wp\/v2\/categories?post=778"},{"taxonomy":"post_tag","embeddable":true,"href":"https:\/\/fmnativa.com\/portal\/wp-json\/wp\/v2\/tags?post=778"}],"curies":[{"name":"wp","href":"https:\/\/api.w.org\/{rel}","templated":true}]}}