{"id":865,"date":"2020-09-15T16:45:23","date_gmt":"2020-09-15T19:45:23","guid":{"rendered":"https:\/\/fmnativa.com\/portal\/?p=865"},"modified":"2020-09-15T16:45:23","modified_gmt":"2020-09-15T19:45:23","slug":"perotti-participo-de-la-primera-reunion-con-los-gobernadores-que-conforman-el-acuerdo-federal-por-la-hidrovia","status":"publish","type":"post","link":"https:\/\/fmnativa.com\/portal\/2020\/09\/15\/perotti-participo-de-la-primera-reunion-con-los-gobernadores-que-conforman-el-acuerdo-federal-por-la-hidrovia\/","title":{"rendered":"Perotti particip\u00f3 de la primera reuni\u00f3n con los gobernadores que conforman el Acuerdo Federal por la Hidrov\u00eda"},"content":{"rendered":"<div id=\"fb-root\"><\/div>\n<p>Lo hizo junto a sus pares de otras cinco provincias y el ministro de Transporte de la Naci\u00f3n, Mario Meoni. \u201cTenemos la posibilidad de expresar el renacimiento de un federalismo efectivo\u201d, remarc\u00f3.<\/p>\n<p>El gobernador de Santa Fe, Omar Perotti, particip\u00f3 este martes de la primera reuni\u00f3n, mediante videoconferencia, con los gobernadores que conforman el Acuerdo Federal por la Hidrov\u00eda Paraguay-Paran\u00e1 que ser\u00e1 administrada por el Estado Nacional en conjunto con las provincias de Buenos Aires, Chaco, Corrientes, Entre R\u00edos, Formosa, Misiones y Santa Fe.<\/p>\n<p>En la oportunidad, el primer mandatario provincial destac\u00f3 el avance de la estructuraci\u00f3n legal del Acuerdo Federal por la Hidrov\u00eda y el objetivo de analizar el alcance del mismo, que fuera anunciado el pasado 28 de agosto por el presidente de la Naci\u00f3n, Alberto Fern\u00e1ndez, en la localidad de Puerto General San Mart\u00edn.<\/p>\n<p>En esa l\u00ednea, Perotti destac\u00f3 que \u00abesta es una instancia importante, que el presidente viene expresando a los gobernadores y consideramos que lo deber\u00edamos dejar establecido en lo inmediato para que el Consejo comience a tener su funcionamiento\u00bb.<\/p>\n<p>\u201cTenemos la posibilidad de expresar el renacimiento de un federalismo efectivo \u2013 agreg\u00f3 el gobernador-, concreto y donde podemos visualizar la grandeza de la Argentina, del aporte de cada una de las provincias poniendo el trabajo de su gente, las expectativas y las esperanzas de desarrollo\u00bb.<\/p>\n<p>Asimismo, reconoci\u00f3 que \u201cla historia de la provincia de Santa Fe, ese compromiso permanente de la producci\u00f3n, es parte de nuestro ADN federal, es parte de nuestro crecimiento y arraigo, de lo que sentimos que tiene que plasmarse aqu\u00ed. Es una expresi\u00f3n federal concreta, una expresi\u00f3n de deseo de integraci\u00f3n y de salida de productos al mundo, que nos permita ser l\u00edderes agroindustriales y ser l\u00edderes agroalimentarios\u201d, concluy\u00f3.<\/p>\n","protected":false},"excerpt":{"rendered":"<p>Lo hizo junto a sus pares de otras cinco provincias y el ministro de Transporte&#8230;<\/p>\n","protected":false},"author":1,"featured_media":866,"comment_status":"closed","ping_status":"closed","sticky":false,"template":"","format":"standard","meta":{"footnotes":""},"categories":[7],"tags":[62,287,288,15],"class_list":["post-865","post","type-post","status-publish","format-standard","has-post-thumbnail","hentry","category-provinciales","tag-economia","tag-hidrovia","tag-parana","tag-santa-fe"],"featured_image_urls":{"full":["https:\/\/fmnativa.com\/portal\/wp-content\/uploads\/2020\/09\/1-112.jpg",1280,853,false],"thumbnail":["https:\/\/fmnativa.com\/portal\/wp-content\/uploads\/2020\/09\/1-112-150x150.jpg",150,150,true],"medium":["https:\/\/fmnativa.com\/portal\/wp-content\/uploads\/2020\/09\/1-112-300x200.jpg",300,200,true],"medium_large":["https:\/\/fmnativa.com\/portal\/wp-content\/uploads\/2020\/09\/1-112-768x512.jpg",640,427,true],"large":["https:\/\/fmnativa.com\/portal\/wp-content\/uploads\/2020\/09\/1-112-1024x682.jpg",640,426,true],"1536x1536":["https:\/\/fmnativa.com\/portal\/wp-content\/uploads\/2020\/09\/1-112.jpg",1280,853,false],"2048x2048":["https:\/\/fmnativa.com\/portal\/wp-content\/uploads\/2020\/09\/1-112.jpg",1280,853,false],"covernews-slider-full":["https:\/\/fmnativa.com\/portal\/wp-content\/uploads\/2020\/09\/1-112.jpg",1073,715,false],"covernews-slider-center":["https:\/\/fmnativa.com\/portal\/wp-content\/uploads\/2020\/09\/1-112.jpg",750,500,false],"covernews-featured":["https:\/\/fmnativa.com\/portal\/wp-content\/uploads\/2020\/09\/1-112.jpg",1024,682,false],"covernews-medium":["https:\/\/fmnativa.com\/portal\/wp-content\/uploads\/2020\/09\/1-112.jpg",510,340,false],"covernews-medium-square":["https:\/\/fmnativa.com\/portal\/wp-content\/uploads\/2020\/09\/1-112.jpg",375,250,false]},"author_info":{"info":["Fabian"]},"category_info":"<a href=\"https:\/\/fmnativa.com\/portal\/category\/provinciales\/\" rel=\"category tag\">PROVINCIALES<\/a>","tag_info":"PROVINCIALES","comment_count":"0","_links":{"self":[{"href":"https:\/\/fmnativa.com\/portal\/wp-json\/wp\/v2\/posts\/865","targetHints":{"allow":["GET"]}}],"collection":[{"href":"https:\/\/fmnativa.com\/portal\/wp-json\/wp\/v2\/posts"}],"about":[{"href":"https:\/\/fmnativa.com\/portal\/wp-json\/wp\/v2\/types\/post"}],"author":[{"embeddable":true,"href":"https:\/\/fmnativa.com\/portal\/wp-json\/wp\/v2\/users\/1"}],"replies":[{"embeddable":true,"href":"https:\/\/fmnativa.com\/portal\/wp-json\/wp\/v2\/comments?post=865"}],"version-history":[{"count":1,"href":"https:\/\/fmnativa.com\/portal\/wp-json\/wp\/v2\/posts\/865\/revisions"}],"predecessor-version":[{"id":867,"href":"https:\/\/fmnativa.com\/portal\/wp-json\/wp\/v2\/posts\/865\/revisions\/867"}],"wp:featuredmedia":[{"embeddable":true,"href":"https:\/\/fmnativa.com\/portal\/wp-json\/wp\/v2\/media\/866"}],"wp:attachment":[{"href":"https:\/\/fmnativa.com\/portal\/wp-json\/wp\/v2\/media?parent=865"}],"wp:term":[{"taxonomy":"category","embeddable":true,"href":"https:\/\/fmnativa.com\/portal\/wp-json\/wp\/v2\/categories?post=865"},{"taxonomy":"post_tag","embeddable":true,"href":"https:\/\/fmnativa.com\/portal\/wp-json\/wp\/v2\/tags?post=865"}],"curies":[{"name":"wp","href":"https:\/\/api.w.org\/{rel}","templated":true}]}}