{"id":880,"date":"2020-09-15T17:06:40","date_gmt":"2020-09-15T20:06:40","guid":{"rendered":"https:\/\/fmnativa.com\/portal\/?p=880"},"modified":"2020-09-15T17:06:40","modified_gmt":"2020-09-15T20:06:40","slug":"los-docentes-santafesinos-volvieron-al-paro","status":"publish","type":"post","link":"https:\/\/fmnativa.com\/portal\/2020\/09\/15\/los-docentes-santafesinos-volvieron-al-paro\/","title":{"rendered":"LOS DOCENTES SANTAFESINOS VOLVIERON AL PARO"},"content":{"rendered":"<div id=\"fb-root\"><\/div>\n<p>En el marco de la lucha por la recomposici\u00f3n salarial y las mejoras en las condiciones de trabajo, los\u00a0<strong>docentes\u00a0de escuelas p\u00fablicas y privadas<\/strong>\u00a0de Santa Fe decidieron profundizar la lucha con un\u00a0<strong>paro de 72 horas<\/strong>, durante los d\u00edas<strong>\u00a015, 16 y 17 de septiembre.<\/strong><\/p>\n<p>\u00abEn todas las otras provincias hubo recomposici\u00f3n salarial y hubo negociaci\u00f3n. En Santa Fe no pas\u00f3 nada de eso. Se dieron una serie de idas y venidas en el marco de la negociaci\u00f3n paritaria que nos trajeron al mes de Septiembre sin ning\u00fan tipo de soluci\u00f3n\u00bb, dijo el secretario general del\u00a0<strong>Sadop<\/strong>\u00a0seccional Santa Fe,\u00a0<strong>Pedro Bay\u00fagar.<\/strong><\/p>\n<p>Con la participaci\u00f3n de m\u00e1s de 22.000 trabajadores,\u00a0<strong>Amsafe<\/strong>\u00a0hab\u00eda resuelto dar continuidad al Plan de Lucha Provincial con 48 horas de paro para los d\u00edas 9 y 10 de septiembre y 72 horas los d\u00edas 15, 16 y 17 de septiembre.<\/p>\n<p>\u00abLa docencia resolvi\u00f3 la continuidad del plan de lucha en reclamo de paritarias ya, el aumento salarial para activos y jubilados, concursos pendientes y resoluci\u00f3n de los conflictos de los docentes reemplazantes y una serie de temas que tiene que ver con el reclamo\u00bb, argument\u00f3\u00a0<strong>Sonia Alesso<\/strong>, secretaria general de Amsafe, en di\u00e1logo con La Capital.<\/p>\n<p>Entre las demandas del sector gremial de la docencia p\u00fablica, se destacan tambi\u00e9n el bono de emergencia para reemplazantes, resoluci\u00f3n de temas inherentes a la ruralidad, condiciones de trabajo, conectividad, insumos y dispositivos a cargo del Estado.<\/p>\n<p>Tambi\u00e9n solicitan el cumplimiento de las paritarias nacionales y la convocatoria al Comit\u00e9 Mixto Provincial para discutir infraestructura y salud, entre otro t\u00f3picos.<\/p>\n<p>Adem\u00e1s piden la implementaci\u00f3n de pol\u00edticas y acciones por parte del estado provincial para garantizar la salud de los trabajadores de la salud, y de los docentes y asistentes que est\u00e1n en comedores y copa de leche.<\/p>\n","protected":false},"excerpt":{"rendered":"<p>En el marco de la lucha por la recomposici\u00f3n salarial y las mejoras en las&#8230;<\/p>\n","protected":false},"author":1,"featured_media":881,"comment_status":"closed","ping_status":"closed","sticky":false,"template":"","format":"standard","meta":{"footnotes":""},"categories":[7],"tags":[205,203,87,88,204,300,15],"class_list":["post-880","post","type-post","status-publish","format-standard","has-post-thumbnail","hentry","category-provinciales","tag-amsafe","tag-docentes","tag-gremiales","tag-gremios","tag-paro","tag-sadop","tag-santa-fe"],"featured_image_urls":{"full":["https:\/\/fmnativa.com\/portal\/wp-content\/uploads\/2020\/09\/1-117.jpg",400,250,false],"thumbnail":["https:\/\/fmnativa.com\/portal\/wp-content\/uploads\/2020\/09\/1-117-150x150.jpg",150,150,true],"medium":["https:\/\/fmnativa.com\/portal\/wp-content\/uploads\/2020\/09\/1-117-300x188.jpg",300,188,true],"medium_large":["https:\/\/fmnativa.com\/portal\/wp-content\/uploads\/2020\/09\/1-117.jpg",400,250,false],"large":["https:\/\/fmnativa.com\/portal\/wp-content\/uploads\/2020\/09\/1-117.jpg",400,250,false],"1536x1536":["https:\/\/fmnativa.com\/portal\/wp-content\/uploads\/2020\/09\/1-117.jpg",400,250,false],"2048x2048":["https:\/\/fmnativa.com\/portal\/wp-content\/uploads\/2020\/09\/1-117.jpg",400,250,false],"covernews-slider-full":["https:\/\/fmnativa.com\/portal\/wp-content\/uploads\/2020\/09\/1-117.jpg",400,250,false],"covernews-slider-center":["https:\/\/fmnativa.com\/portal\/wp-content\/uploads\/2020\/09\/1-117.jpg",400,250,false],"covernews-featured":["https:\/\/fmnativa.com\/portal\/wp-content\/uploads\/2020\/09\/1-117.jpg",400,250,false],"covernews-medium":["https:\/\/fmnativa.com\/portal\/wp-content\/uploads\/2020\/09\/1-117.jpg",400,250,false],"covernews-medium-square":["https:\/\/fmnativa.com\/portal\/wp-content\/uploads\/2020\/09\/1-117.jpg",400,250,false]},"author_info":{"info":["Fabian"]},"category_info":"<a href=\"https:\/\/fmnativa.com\/portal\/category\/provinciales\/\" rel=\"category tag\">PROVINCIALES<\/a>","tag_info":"PROVINCIALES","comment_count":"0","_links":{"self":[{"href":"https:\/\/fmnativa.com\/portal\/wp-json\/wp\/v2\/posts\/880","targetHints":{"allow":["GET"]}}],"collection":[{"href":"https:\/\/fmnativa.com\/portal\/wp-json\/wp\/v2\/posts"}],"about":[{"href":"https:\/\/fmnativa.com\/portal\/wp-json\/wp\/v2\/types\/post"}],"author":[{"embeddable":true,"href":"https:\/\/fmnativa.com\/portal\/wp-json\/wp\/v2\/users\/1"}],"replies":[{"embeddable":true,"href":"https:\/\/fmnativa.com\/portal\/wp-json\/wp\/v2\/comments?post=880"}],"version-history":[{"count":1,"href":"https:\/\/fmnativa.com\/portal\/wp-json\/wp\/v2\/posts\/880\/revisions"}],"predecessor-version":[{"id":882,"href":"https:\/\/fmnativa.com\/portal\/wp-json\/wp\/v2\/posts\/880\/revisions\/882"}],"wp:featuredmedia":[{"embeddable":true,"href":"https:\/\/fmnativa.com\/portal\/wp-json\/wp\/v2\/media\/881"}],"wp:attachment":[{"href":"https:\/\/fmnativa.com\/portal\/wp-json\/wp\/v2\/media?parent=880"}],"wp:term":[{"taxonomy":"category","embeddable":true,"href":"https:\/\/fmnativa.com\/portal\/wp-json\/wp\/v2\/categories?post=880"},{"taxonomy":"post_tag","embeddable":true,"href":"https:\/\/fmnativa.com\/portal\/wp-json\/wp\/v2\/tags?post=880"}],"curies":[{"name":"wp","href":"https:\/\/api.w.org\/{rel}","templated":true}]}}