{"id":889,"date":"2020-09-15T17:57:24","date_gmt":"2020-09-15T20:57:24","guid":{"rendered":"https:\/\/fmnativa.com\/portal\/?p=889"},"modified":"2020-09-15T17:57:54","modified_gmt":"2020-09-15T20:57:54","slug":"extienden-por-90-dias-el-bono-de-5-mil-pesos-para-trabajadores-publicos-y-privados-de-la-salud","status":"publish","type":"post","link":"https:\/\/fmnativa.com\/portal\/2020\/09\/15\/extienden-por-90-dias-el-bono-de-5-mil-pesos-para-trabajadores-publicos-y-privados-de-la-salud\/","title":{"rendered":"Extienden por 90 d\u00edas el bono de 5 mil pesos para trabajadores p\u00fablicos y privados de la salud"},"content":{"rendered":"<div id=\"fb-root\"><\/div>\n<p>La decisi\u00f3n, dada a conocer por el ministro de Salud, GIn\u00e9s Gonz\u00e1lez Garc\u00eda, comenzar\u00e1 a incluir a trabajadores de geri\u00e1tricos, de servicios de traslados de ambulancia y de an\u00e1lisis cl\u00ednicos.<\/p>\n<p>El gobierno nacional anunci\u00f3 la\u00a0<strong>extensi\u00f3n del bono de 5 mil pesos por 90 d\u00edas para los trabajadores de la salud<\/strong>, p\u00fablicos y privados, que\u00a0<strong>alcanzar\u00e1 a unas 700 mil personas<\/strong>, y que comenzar\u00e1 a incluir a trabajadores de geri\u00e1tricos, de servicios de traslados de ambulancia y de an\u00e1lisis cl\u00ednicos, afectados a la atenci\u00f3n por la pandemia de coronavirus.<\/p>\n<p>\u00abEs un est\u00edmulo necesario para el enorme esfuerzo que est\u00e1n haciendo\u00bb, dijo el ministro de Salud,\u00a0<strong>Gin\u00e9s Gonz\u00e1lez Garc\u00eda<\/strong>, en una conferencia de prensa en Casa de Gobierno, junto a su par de Trabajo,\u00a0<strong>Claudio Morini<\/strong>, y el secretario general de la CGT y titular del gremio de Sanidad,\u00a0<strong>H\u00e9ctor Daer<\/strong>.<\/p>\n<p>De esa forma, el Gobierno renov\u00f3 la medida dictada por decreto el 27 de marzo pasado cuando otorg\u00f3, como \u00abasignaci\u00f3n est\u00edmulo\u00bb, la suma de 5 mil pesos para los meses de abril, mayo, junio y julio para los trabajadores de la salud que presten servicios en forma \u00abpresencial y efectiva\u00bb<\/p>\n<p>El ministro Gonz\u00e1lez Garc\u00eda record\u00f3 que el bono hab\u00eda sido otorgado a los trabajadores que ten\u00edan \u00abefectiva concurrencia a su trabajo y ahora se ampl\u00eda el alcance de 444 mil a casi 700 trabajadores e\u00a0<strong>incluir\u00e1 a personal de los geri\u00e1tricos, los servicios de traslados y ambulancias, los de atenci\u00f3n primaria y de an\u00e1lisis cl\u00ednicos\u00bb.<\/strong><\/p>\n<p>\u00abNada compensa el esfuerzo ni los riesgos pero creemos que este est\u00edmulo sirve para la tarea cotidiana\u00bb, agreg\u00f3 el titular de la cartera de Salud.<\/p>\n<p>Por su parte, el ministro Moroni expres\u00f3 que la decisi\u00f3n de \u00abcontinuar\u00bb con el bono \u00abes un m\u00ednimo esfuerzo que hace el Gobierno para ayudar a los trabajadores de la Salud que est\u00e1n haciendo un esfuerzo enorme para la poblaci\u00f3n\u00bb.<\/p>\n<p>\u00abEsto forma parte -indic\u00f3 Moroni- de lo que estamos haciendo en general, forma parte del Programa de Asistencia a la Producci\u00f3n (ATP), en el que est\u00e1 incluido el sector salud como cr\u00edtico, y en ese marco hemos asistido a unos 200 mil trabajadores en el pago de salarios y pensamos que en las pr\u00f3ximas ediciones se seguir\u00e1 sosteniendo como cr\u00edtico a ese sector\u00bb.<\/p>\n<p>El ministro explic\u00f3 que\u00a0<strong>la \u00abasistencia se mantendr\u00e1 el tiempo que sea necesario porque se sigue en la pandemia y los trabajadores del sector salud son fundamentales<\/strong>\u00a0y se est\u00e1n comportando de un modo inobjetable\u00bb.<\/p>\n<div id=\"image\" class=\"image\">\n<p><img decoding=\"async\" title=\"El bono comenzar\u00e1 a incluir a trabajadores de geri\u00e1tricos, de servicios de traslados de ambulancia y de an\u00e1lisis cl\u00ednicos\" src=\"https:\/\/www.telam.com.ar\/advf\/imagenes\/2020\/08\/5f2bd67a4d3fa_1004x565.jpg\" alt=\"El bono comenzar\u00e1 a incluir a trabajadores de geri\u00e1tricos, de servicios de traslados de ambulancia y de an\u00e1lisis cl\u00ednicos\" \/><\/p>\n<div class=\"epigrafe\">El bono comenzar\u00e1 a incluir a trabajadores de geri\u00e1tricos, de servicios de traslados de ambulancia y de an\u00e1lisis cl\u00ednicos<\/div>\n<\/div>\n<p><strong>Daer, a su vez, consider\u00f3 que el bono es un \u00abreconocimiento\u00bb\u00a0<\/strong>y \u00abun paso m\u00e1s del gobierno del presidente Alberto Fern\u00e1ndez en el sentido de sostener la tarea que vienen llevando adelante los compa\u00f1eros de todo el sistema de salud p\u00fabico y privado\u00bb.<\/p>\n<p>El titular del gremio de la Sanidad dijo que los trabajadores de esa \u00e1rea \u00abse preparan para ayudar, para asistir, pero no para enfermarse\u00bb y agreg\u00f3 que \u00aba pesar de que es un sector que ha padecido una enorme cantidad de contagios en algunos casos con desenlaces fatales hemos sostenido y hecho sustentable nuestro sistema de salud\u00bb.<\/p>\n<p>En tanto,\u00a0<strong>Daer convoc\u00f3 para el 21 de septiembre, d\u00eda del trabajador de Sanidad, a que la \u00absociedad exprese un acompa\u00f1amiento y reconocimiento con aplausos\u00bb para el personal de salud<\/strong>.<\/p>\n<p>En tanto, consultado por T\u00e9lam, el ministro de Trabajo se refiri\u00f3 a la\u00a0<strong>paritaria para el sector de la administraci\u00f3n p\u00fablica<\/strong>: \u00abEst\u00e1 convocada para el martes de la semana que viene\u00bb, dijo y precis\u00f3 que han sido \u00abconvocados los sindicatos\u00bb para analizar \u00abcu\u00e1les van a ser los ajustes para el sector p\u00fablico nacional\u00bb.<\/p>\n<p>Gin\u00e9s Gonz\u00e1lez Garc\u00eda brind\u00f3 una conferencia de prensa en Casa de Gobierno junto a su par de Trabajo, Claudio Morini, y el secretario general de la CGT y titular del gremio de Sanidad, H\u00e9ctor Daer.<\/p>\n<div class=\"auth\"><strong>Consejo Econ\u00f3mico Social<\/strong><\/div>\n<p>Acerca del Consejo Econ\u00f3mico Social, Moroni se\u00f1al\u00f3 que requiere una \u00abestructura legislativa mucho m\u00e1s compleja\u00bb y por ende indic\u00f3 que los que \u00abse va a continuar son las reuniones de gabinete ampliado a los cuales se invita a los actores sociales para participar de determinada tipo de pol\u00edticas\u00bb.<\/p>\n<p>\u00abConceptualmente nunca quisimos dejarlo de hacer sino que en las restricciones de reuni\u00f3n por la pandemia no pod\u00edamos juntarnos treinta y pico de personas en un lugar cerrado as\u00ed que ahora estamos viendo en qu\u00e9 condiciones retomar ese tipo de reuniones que ya hab\u00edamos empezado\u00bb, indic\u00f3.<\/p>\n<p>Sobre ese punto, tambi\u00e9n consultado por T\u00e9lam, Daer manifest\u00f3 que la \u00abpandemia nos genera una situaci\u00f3n muy diferente a la que pensamos cuando quer\u00edamos atravesar el camino para transitar el Consejo Econ\u00f3mico Social para los meses de mayo y agosto\u00bb.<\/p>\n<p>\u00abPero esta pandemia trastoc\u00f3 todo. Ac\u00e1 lo que hay que hacer es generar las mesas de di\u00e1logo con una din\u00e1mica tal que nos permitan transitar la pandemia y quiz\u00e1 dejar de hablar de habla de pospandemia porque la vara del l\u00edmite es m\u00e1s vaga\u00bb.<\/p>\n<p>El gremialista apunt\u00f3 que \u00abhay que transitar esto sosteniendo valores fundamentales, tratando que las empresas sigan abiertas con los trabajadores adentro\u00bb.<\/p>\n<p>VIDEO DEL ANUNCIO<\/p>\n<p style=\"text-align: center;\"><style>\n       .errordiv { padding:10px; margin:10px; border: 1px solid #555555;color: #000000;background-color: #f8f8f8; width:500px; }#advanced_iframe {visibility:visible;opacity:1;vertical-align:top;}.ai-info-bottom-iframe { position: fixed; z-index: 10000; bottom:0; left: 0; margin: 0px; text-align: center; width: 100%; background-color: #ff9999; padding-left: 5px;padding-bottom: 5px; border-top: 1px solid #aaa } a.ai-bold {font-weight: bold;}#ai-layer-div-advanced_iframe p {height:100%;margin:0;padding:0}<\/style><script type=\"text\/javascript\">var ai_iframe_width_advanced_iframe = 0;var ai_iframe_height_advanced_iframe = 0;var aiOnloadScrollTop=\"true\";var aiShowDebug=false;\n\t\tif (typeof aiReadyCallbacks === 'undefined') {\n\t\t\tvar aiReadyCallbacks = [];\n\t\t} else if (!(aiReadyCallbacks instanceof Array)) {\n\t\t\tvar aiReadyCallbacks = [];\n\t\t}    function aiShowIframeId(id_iframe) { jQuery(\"#\"+id_iframe).css(\"visibility\", \"visible\");    }    function aiResizeIframeHeight(height) { aiResizeIframeHeight(height,advanced_iframe); }    function aiResizeIframeHeightId(height,width,id) {aiResizeIframeHeightById(id,height);}<\/script><iframe id=\"advanced_iframe\"  name=\"advanced_iframe\"  src=\"\/\/https:\/\/youtu.be\/te3WQOk9Dv4\"  width=\"100%\"  height=\"600\"  frameborder=\"0\"  border=\"0\"  allowtransparency=\"true\"  loading=\"lazy\"  style=\";border-width: 0px;;border: none;;width:100%;height:600px;\" ><\/iframe><script type=\"text\/javascript\">var ifrm_advanced_iframe = document.getElementById(\"advanced_iframe\");var hiddenTabsDoneadvanced_iframe = false;\nfunction resizeCallbackadvanced_iframe() {}<\/script><script type=\"text\/javascript\"><\/script><p style=\"display:block !important; visibility:visible !important;margin: -18px 14px 0 0;padding-left: 3px;padding-top:3px;background: white; overflow: hidden; position: relative; line-height:15px;width: fit-content;\"><small style=\"display:block !important;visibility:visible !important\">powered by Advanced iFrame<\/small><\/p><\/p>\n","protected":false},"excerpt":{"rendered":"<p>La decisi\u00f3n, dada a conocer por el ministro de Salud, GIn\u00e9s Gonz\u00e1lez Garc\u00eda, comenzar\u00e1 a&#8230;<\/p>\n","protected":false},"author":1,"featured_media":890,"comment_status":"closed","ping_status":"closed","sticky":false,"template":"","format":"standard","meta":{"footnotes":""},"categories":[8,7],"tags":[303,304,87,302,73],"class_list":["post-889","post","type-post","status-publish","format-standard","has-post-thumbnail","hentry","category-nacionales","category-provinciales","tag-bono","tag-gines-gonzlez-garcia","tag-gremiales","tag-gremio","tag-salud"],"featured_image_urls":{"full":["https:\/\/fmnativa.com\/portal\/wp-content\/uploads\/2020\/09\/1-119.jpg",1004,565,false],"thumbnail":["https:\/\/fmnativa.com\/portal\/wp-content\/uploads\/2020\/09\/1-119-150x150.jpg",150,150,true],"medium":["https:\/\/fmnativa.com\/portal\/wp-content\/uploads\/2020\/09\/1-119-300x169.jpg",300,169,true],"medium_large":["https:\/\/fmnativa.com\/portal\/wp-content\/uploads\/2020\/09\/1-119-768x432.jpg",640,360,true],"large":["https:\/\/fmnativa.com\/portal\/wp-content\/uploads\/2020\/09\/1-119.jpg",640,360,false],"1536x1536":["https:\/\/fmnativa.com\/portal\/wp-content\/uploads\/2020\/09\/1-119.jpg",1004,565,false],"2048x2048":["https:\/\/fmnativa.com\/portal\/wp-content\/uploads\/2020\/09\/1-119.jpg",1004,565,false],"covernews-slider-full":["https:\/\/fmnativa.com\/portal\/wp-content\/uploads\/2020\/09\/1-119.jpg",1004,565,false],"covernews-slider-center":["https:\/\/fmnativa.com\/portal\/wp-content\/uploads\/2020\/09\/1-119.jpg",800,450,false],"covernews-featured":["https:\/\/fmnativa.com\/portal\/wp-content\/uploads\/2020\/09\/1-119.jpg",1004,565,false],"covernews-medium":["https:\/\/fmnativa.com\/portal\/wp-content\/uploads\/2020\/09\/1-119.jpg",540,304,false],"covernews-medium-square":["https:\/\/fmnativa.com\/portal\/wp-content\/uploads\/2020\/09\/1-119.jpg",400,225,false]},"author_info":{"info":["Fabian"]},"category_info":"<a href=\"https:\/\/fmnativa.com\/portal\/category\/nacionales\/\" rel=\"category tag\">Nacionales<\/a> <a href=\"https:\/\/fmnativa.com\/portal\/category\/provinciales\/\" rel=\"category tag\">PROVINCIALES<\/a>","tag_info":"PROVINCIALES","comment_count":"0","_links":{"self":[{"href":"https:\/\/fmnativa.com\/portal\/wp-json\/wp\/v2\/posts\/889","targetHints":{"allow":["GET"]}}],"collection":[{"href":"https:\/\/fmnativa.com\/portal\/wp-json\/wp\/v2\/posts"}],"about":[{"href":"https:\/\/fmnativa.com\/portal\/wp-json\/wp\/v2\/types\/post"}],"author":[{"embeddable":true,"href":"https:\/\/fmnativa.com\/portal\/wp-json\/wp\/v2\/users\/1"}],"replies":[{"embeddable":true,"href":"https:\/\/fmnativa.com\/portal\/wp-json\/wp\/v2\/comments?post=889"}],"version-history":[{"count":2,"href":"https:\/\/fmnativa.com\/portal\/wp-json\/wp\/v2\/posts\/889\/revisions"}],"predecessor-version":[{"id":892,"href":"https:\/\/fmnativa.com\/portal\/wp-json\/wp\/v2\/posts\/889\/revisions\/892"}],"wp:featuredmedia":[{"embeddable":true,"href":"https:\/\/fmnativa.com\/portal\/wp-json\/wp\/v2\/media\/890"}],"wp:attachment":[{"href":"https:\/\/fmnativa.com\/portal\/wp-json\/wp\/v2\/media?parent=889"}],"wp:term":[{"taxonomy":"category","embeddable":true,"href":"https:\/\/fmnativa.com\/portal\/wp-json\/wp\/v2\/categories?post=889"},{"taxonomy":"post_tag","embeddable":true,"href":"https:\/\/fmnativa.com\/portal\/wp-json\/wp\/v2\/tags?post=889"}],"curies":[{"name":"wp","href":"https:\/\/api.w.org\/{rel}","templated":true}]}}