{"id":893,"date":"2020-09-15T18:02:02","date_gmt":"2020-09-15T21:02:02","guid":{"rendered":"https:\/\/fmnativa.com\/portal\/?p=893"},"modified":"2020-09-15T18:02:02","modified_gmt":"2020-09-15T21:02:02","slug":"cae-66-la-demanda-de-energia-en-la-provincia-de-santa-fe","status":"publish","type":"post","link":"https:\/\/fmnativa.com\/portal\/2020\/09\/15\/cae-66-la-demanda-de-energia-en-la-provincia-de-santa-fe\/","title":{"rendered":"Cae 6,6% la demanda de energ\u00eda en la Provincia de Santa Fe"},"content":{"rendered":"<div id=\"fb-root\"><\/div>\n<h3><strong>Se quiebra la leve tendencia a la recuperaci\u00f3n que mostraron junio y julio<\/strong><\/h3>\n<p>En agosto pasado, la Empresa Provincial de la Energ\u00eda distribuy\u00f3 un 6,6% menos de ese fluido que en el mismo mes de 2019. La comparaci\u00f3n interanual del mes pasado se parece a la de mayo (de -6,2%) y quiebra una leve tendencia a la recuperaci\u00f3n que se hab\u00eda registrado en los meses de junio y julio que -aunque con cifras bajas- daban al menos n\u00fameros positivos.<\/p>\n<p>El registro suministrado por la Epe a El Litoral tiene car\u00e1cter provisorio y se basa en la energ\u00eda operada por la empresa estatal para satisfacer la demanda.<\/p>\n<p>Desde que comenz\u00f3 la pandemia y se adoptaron medidas sanitarias de cuarentena primero y de aislamiento sanitario luego, de inmediato se reflej\u00f3 la profundizaci\u00f3n de una crisis econ\u00f3mica que ya exist\u00eda, en el consumo de energ\u00eda el\u00e9ctrica.<\/p>\n<p><strong>Picos y valles<\/strong><\/p>\n<p>Es interesante repasar la serie hist\u00f3rica del corriente a\u00f1o, mes a mes en su comparaci\u00f3n interanual. En enero de 2020, cuando todav\u00eda era un asunto lejano el problema del Coronavirus, la Epe distribuy\u00f3 un 2,5% m\u00e1s de energ\u00eda que en el mismo mes de 2019. Y en febrero cay\u00f3 un poco, -1,5%. En marzo hubo una suba importante: 15,7%, aunque los \u00faltimos diez d\u00edas de ese mes pico ya sintieran los efectos de la paralizaci\u00f3n econ\u00f3mica que implic\u00f3 la cuarentena.<\/p>\n<p>Luego, en abril, se produjo el derrumbe m\u00e1s impresionante (-12%) y en mayo -siempre en la comparaci\u00f3n interanual- la ca\u00edda fue menor (-6%).<\/p>\n<p>Junio y julio causaron optimismo: con sus modestos 1,9% y 0,3% pudieron parecerse a lo que ocurre habitualmente con lo que los t\u00e9cnicos llaman el crecimiento vegetativo de la demanda, producto de que a\u00f1o tras a\u00f1o la poblaci\u00f3n crece y con ella la actividad. (Obviamente, estudios serios sobre los requerimientos energ\u00e9ticos de la poblaci\u00f3n descuentan a estas cifras estad\u00edsticas la influencia del factor estacional determinado por el clima).<\/p>\n","protected":false},"excerpt":{"rendered":"<p>Se quiebra la leve tendencia a la recuperaci\u00f3n que mostraron junio y julio En agosto&#8230;<\/p>\n","protected":false},"author":1,"featured_media":894,"comment_status":"closed","ping_status":"closed","sticky":false,"template":"","format":"standard","meta":{"footnotes":""},"categories":[7],"tags":[306,62,305,14,15],"class_list":["post-893","post","type-post","status-publish","format-standard","has-post-thumbnail","hentry","category-provinciales","tag-consumo","tag-economia","tag-energia","tag-provincia","tag-santa-fe"],"featured_image_urls":{"full":["https:\/\/fmnativa.com\/portal\/wp-content\/uploads\/2020\/09\/1-120.jpg",512,254,false],"thumbnail":["https:\/\/fmnativa.com\/portal\/wp-content\/uploads\/2020\/09\/1-120-150x150.jpg",150,150,true],"medium":["https:\/\/fmnativa.com\/portal\/wp-content\/uploads\/2020\/09\/1-120-300x149.jpg",300,149,true],"medium_large":["https:\/\/fmnativa.com\/portal\/wp-content\/uploads\/2020\/09\/1-120.jpg",512,254,false],"large":["https:\/\/fmnativa.com\/portal\/wp-content\/uploads\/2020\/09\/1-120.jpg",512,254,false],"1536x1536":["https:\/\/fmnativa.com\/portal\/wp-content\/uploads\/2020\/09\/1-120.jpg",512,254,false],"2048x2048":["https:\/\/fmnativa.com\/portal\/wp-content\/uploads\/2020\/09\/1-120.jpg",512,254,false],"covernews-slider-full":["https:\/\/fmnativa.com\/portal\/wp-content\/uploads\/2020\/09\/1-120.jpg",512,254,false],"covernews-slider-center":["https:\/\/fmnativa.com\/portal\/wp-content\/uploads\/2020\/09\/1-120.jpg",512,254,false],"covernews-featured":["https:\/\/fmnativa.com\/portal\/wp-content\/uploads\/2020\/09\/1-120.jpg",512,254,false],"covernews-medium":["https:\/\/fmnativa.com\/portal\/wp-content\/uploads\/2020\/09\/1-120.jpg",512,254,false],"covernews-medium-square":["https:\/\/fmnativa.com\/portal\/wp-content\/uploads\/2020\/09\/1-120.jpg",400,198,false]},"author_info":{"info":["Fabian"]},"category_info":"<a href=\"https:\/\/fmnativa.com\/portal\/category\/provinciales\/\" rel=\"category tag\">PROVINCIALES<\/a>","tag_info":"PROVINCIALES","comment_count":"0","_links":{"self":[{"href":"https:\/\/fmnativa.com\/portal\/wp-json\/wp\/v2\/posts\/893","targetHints":{"allow":["GET"]}}],"collection":[{"href":"https:\/\/fmnativa.com\/portal\/wp-json\/wp\/v2\/posts"}],"about":[{"href":"https:\/\/fmnativa.com\/portal\/wp-json\/wp\/v2\/types\/post"}],"author":[{"embeddable":true,"href":"https:\/\/fmnativa.com\/portal\/wp-json\/wp\/v2\/users\/1"}],"replies":[{"embeddable":true,"href":"https:\/\/fmnativa.com\/portal\/wp-json\/wp\/v2\/comments?post=893"}],"version-history":[{"count":1,"href":"https:\/\/fmnativa.com\/portal\/wp-json\/wp\/v2\/posts\/893\/revisions"}],"predecessor-version":[{"id":895,"href":"https:\/\/fmnativa.com\/portal\/wp-json\/wp\/v2\/posts\/893\/revisions\/895"}],"wp:featuredmedia":[{"embeddable":true,"href":"https:\/\/fmnativa.com\/portal\/wp-json\/wp\/v2\/media\/894"}],"wp:attachment":[{"href":"https:\/\/fmnativa.com\/portal\/wp-json\/wp\/v2\/media?parent=893"}],"wp:term":[{"taxonomy":"category","embeddable":true,"href":"https:\/\/fmnativa.com\/portal\/wp-json\/wp\/v2\/categories?post=893"},{"taxonomy":"post_tag","embeddable":true,"href":"https:\/\/fmnativa.com\/portal\/wp-json\/wp\/v2\/tags?post=893"}],"curies":[{"name":"wp","href":"https:\/\/api.w.org\/{rel}","templated":true}]}}