{"id":90,"date":"2020-08-23T22:23:38","date_gmt":"2020-08-23T22:23:38","guid":{"rendered":"https:\/\/fmnativa.com\/portal\/?p=90"},"modified":"2020-08-24T01:37:10","modified_gmt":"2020-08-24T01:37:10","slug":"noticia-2","status":"publish","type":"post","link":"https:\/\/fmnativa.com\/portal\/2020\/08\/23\/noticia-2\/","title":{"rendered":"La provincia habilit\u00f3 tres nuevas \u00e1reas industriales"},"content":{"rendered":"<div id=\"fb-root\"><\/div>\n<p>Con estas incorporaciones Santa Fe suma 49 \u00e1reas y parques industriales, lo que la ubica en segundo lugar a nivel nacional en cuanto a cantidad de instalaciones de este tipo.<\/p>\n<p>En el marco del fuerte apoyo que brinda el gobierno provincial al desarrollo de parques y \u00e1reas industriales, este viernes, el ministro de Producci\u00f3n, Ciencia y Tecnolog\u00eda, Daniel Costamagna, firm\u00f3 sendas resoluciones de reconocimiento a tres nuevas \u00e1reas industriales ubicadas en Nicanor Molinas, San Jer\u00f3nimo Norte, y la segunda zona industrial de Ca\u00f1ada de G\u00f3mez. Con estas incorporaciones, la provincia de Santa Fe suma 49 \u00e1reas y parques industriales, lo que la ubica en segundo lugar a nivel nacional en cuanto a cantidad de instalaciones de este tipo.<\/p>\n<p>Al respecto, el director Provincial de Infraestructura y Fortalecimiento Industrial, Marcelo Cogno, afirm\u00f3 que estas nuevas habilitaciones se dan en el marco de una pol\u00edtica integral que lleva adelante el gobierno de Omar Perotti: \u201cEl desarrollo de \u00e1reas y parques industriales en Santa Fe tuvo impulso en las d\u00e9cadas del 70 y 90, y otros movimientos importantes hasta el a\u00f1o 2007. Desde entonces no han habido grandes crecimientos. Por eso el gobernador ha creado la Direcci\u00f3n de Infraestructura y Fortalecimiento Industrial para acompa\u00f1ar y asesorar al sector productivo santafesino en el desarrollo del suelo industrial en todo el territorio provincial\u201d.<\/p>\n<p>Con respecto a las ventajas de estas \u00e1reas, Cogno detall\u00f3 que \u201ccualquier empresa que se reubica de la ciudad a un parque industrial, con el mismo personal y la misma maquinaria, aumenta un 30% su producci\u00f3n. Esto hace que sean mucho m\u00e1s competitivas, que se eviten tiempos muertos y que mejoren su layout y su performance\u201d.<\/p>\n<p>Finalmente, el funcionario precis\u00f3 que \u201cestamos trabajando en el desarrollo de nuevas \u00e1reas industriales y en el financiamiento a bajas tasas para que los industriales puedan hacer su traslado. Apostamos a poblar el 100% de los parques ya instalados, a ahorrar costos de producci\u00f3n, aumentar la eficiencia del sector industrial y mejorar su competitividad tanto para mercado interno como para el comercio internacional\u201d.<\/p>\n<p>AUDIO <a href=\"https:\/\/www.santafe.gov.ar\/noticias\/recursos\/audios\/2020\/08\/2020-08-22NID_268313O_1.mp3\" target=\"_blank\" rel=\"noopener noreferrer\">CLICK AQUI<\/a><\/p>\n","protected":false},"excerpt":{"rendered":"<p>Con estas incorporaciones Santa Fe suma 49 \u00e1reas y parques industriales, lo que la ubica&#8230;<\/p>\n","protected":false},"author":1,"featured_media":128,"comment_status":"open","ping_status":"open","sticky":false,"template":"","format":"standard","meta":{"footnotes":""},"categories":[7],"tags":[],"class_list":["post-90","post","type-post","status-publish","format-standard","has-post-thumbnail","hentry","category-provinciales"],"featured_image_urls":{"full":["https:\/\/fmnativa.com\/portal\/wp-content\/uploads\/2020\/08\/1-1.jpg",1500,996,false],"thumbnail":["https:\/\/fmnativa.com\/portal\/wp-content\/uploads\/2020\/08\/1-1-150x150.jpg",150,150,true],"medium":["https:\/\/fmnativa.com\/portal\/wp-content\/uploads\/2020\/08\/1-1-300x199.jpg",300,199,true],"medium_large":["https:\/\/fmnativa.com\/portal\/wp-content\/uploads\/2020\/08\/1-1-768x510.jpg",640,425,true],"large":["https:\/\/fmnativa.com\/portal\/wp-content\/uploads\/2020\/08\/1-1-1024x680.jpg",640,425,true],"1536x1536":["https:\/\/fmnativa.com\/portal\/wp-content\/uploads\/2020\/08\/1-1.jpg",1500,996,false],"2048x2048":["https:\/\/fmnativa.com\/portal\/wp-content\/uploads\/2020\/08\/1-1.jpg",1500,996,false],"covernews-slider-full":["https:\/\/fmnativa.com\/portal\/wp-content\/uploads\/2020\/08\/1-1.jpg",1077,715,false],"covernews-slider-center":["https:\/\/fmnativa.com\/portal\/wp-content\/uploads\/2020\/08\/1-1.jpg",753,500,false],"covernews-featured":["https:\/\/fmnativa.com\/portal\/wp-content\/uploads\/2020\/08\/1-1.jpg",1024,680,false],"covernews-medium":["https:\/\/fmnativa.com\/portal\/wp-content\/uploads\/2020\/08\/1-1.jpg",512,340,false],"covernews-medium-square":["https:\/\/fmnativa.com\/portal\/wp-content\/uploads\/2020\/08\/1-1.jpg",377,250,false]},"author_info":{"info":["Fabian"]},"category_info":"<a href=\"https:\/\/fmnativa.com\/portal\/category\/provinciales\/\" rel=\"category tag\">PROVINCIALES<\/a>","tag_info":"PROVINCIALES","comment_count":"0","_links":{"self":[{"href":"https:\/\/fmnativa.com\/portal\/wp-json\/wp\/v2\/posts\/90","targetHints":{"allow":["GET"]}}],"collection":[{"href":"https:\/\/fmnativa.com\/portal\/wp-json\/wp\/v2\/posts"}],"about":[{"href":"https:\/\/fmnativa.com\/portal\/wp-json\/wp\/v2\/types\/post"}],"author":[{"embeddable":true,"href":"https:\/\/fmnativa.com\/portal\/wp-json\/wp\/v2\/users\/1"}],"replies":[{"embeddable":true,"href":"https:\/\/fmnativa.com\/portal\/wp-json\/wp\/v2\/comments?post=90"}],"version-history":[{"count":3,"href":"https:\/\/fmnativa.com\/portal\/wp-json\/wp\/v2\/posts\/90\/revisions"}],"predecessor-version":[{"id":129,"href":"https:\/\/fmnativa.com\/portal\/wp-json\/wp\/v2\/posts\/90\/revisions\/129"}],"wp:featuredmedia":[{"embeddable":true,"href":"https:\/\/fmnativa.com\/portal\/wp-json\/wp\/v2\/media\/128"}],"wp:attachment":[{"href":"https:\/\/fmnativa.com\/portal\/wp-json\/wp\/v2\/media?parent=90"}],"wp:term":[{"taxonomy":"category","embeddable":true,"href":"https:\/\/fmnativa.com\/portal\/wp-json\/wp\/v2\/categories?post=90"},{"taxonomy":"post_tag","embeddable":true,"href":"https:\/\/fmnativa.com\/portal\/wp-json\/wp\/v2\/tags?post=90"}],"curies":[{"name":"wp","href":"https:\/\/api.w.org\/{rel}","templated":true}]}}