{"id":900,"date":"2020-09-15T19:44:00","date_gmt":"2020-09-15T22:44:00","guid":{"rendered":"https:\/\/fmnativa.com\/portal\/?p=900"},"modified":"2020-09-15T19:44:00","modified_gmt":"2020-09-15T22:44:00","slug":"la-provincia-presento-santa-fe-de-pie","status":"publish","type":"post","link":"https:\/\/fmnativa.com\/portal\/2020\/09\/15\/la-provincia-presento-santa-fe-de-pie\/","title":{"rendered":"La provincia present\u00f3 \u00abSanta Fe de Pie\u00bb"},"content":{"rendered":"<div id=\"fb-root\"><\/div>\n<h4><em>Lo hizo frente a entidades productivas y secretarios de la producci\u00f3n del territorio santafesino<\/em><\/h4>\n<p>\u00abEs un programa absolutamente abarcativo que tiene que ver con cuestiones crediticias, diferimientos impositivos, y con los servicios de energ\u00eda el\u00e9ctrica y agua\u00bb. El objetivo es reactivar la actividad econ\u00f3mica sin descuidar la salud.<\/p>\n<p>Los ministros de Producci\u00f3n, Ciencia y Tecnolog\u00eda, Daniel Costamagna, y de Gesti\u00f3n P\u00fablica, Rub\u00e9n Michlig, presentaron este martes a representantes de entidades del sector productivo y a secretarios de la producci\u00f3n de localidad del territorio santafesino, el programa \u00abSanta Fe de Pie\u00bb, que tiene por objetivo reactivar la actividad econ\u00f3mica en la provincia sin descuidar la salud de los santafesinos.<br \/>\nAl respecto, Costamagna precis\u00f3 que \u00abSanta Fe de Pie es un programa absolutamente abarcativo que tiene que ver con todo el abanico productivo de la provincia de Santa Fe, con cuestiones crediticias, diferimientos impositivos, con los servicios, fundamentalmente los de energ\u00eda el\u00e9ctrica como as\u00ed tambi\u00e9n los de agua\u00bb.<\/p>\n<p>En conjunto, entre aportes directos y cr\u00e9ditos, \u00abSanta Fe invirti\u00f3 600 millones de pesos, a trav\u00e9s de distintos conceptos, fundamentalmente para micro, peque\u00f1os y medianos empresarios, sean del comercio, de los servicios y de la industria afectados por la emergencia sanitaria\u00bb.<\/p>\n<p>Por un lado, detall\u00f3 que \u00abse trabaj\u00f3 mucho en aportes directos a los sectores que nunca trabajaron o tuvieron interrumpidos sus trabajos, en forma conjunta y por primera vez en la provincia con el sector de las mutuales, esto permiti\u00f3 un fondeo de 300 millones de pesos; y tambi\u00e9n, a trav\u00e9s de las Asociaciones y Agencias del Desarrollo, con un monto de 126 millones\u00bb.<\/p>\n<p>A continuaci\u00f3n, precis\u00f3 que \u00abahora estamos haciendo foco en cuatro l\u00edneas puntuales, para hoteler\u00eda, comercio, gastronom\u00eda, y para la industria, en lo que tiene que con la prefinanciaci\u00f3n de exportaciones. Todas estas l\u00edneas est\u00e1n dentro del programa Santa Fe de Pie\u00bb.<\/p>\n<p>En este sentido, el ministro especific\u00f3 que se cre\u00f3 con \u00abel Nuevo Banco de Santa Fe un fondeo de 500 millones de pesos\u00bb para cr\u00e9ditos; y con el objetivo de garantizar la \u00abeficiencia, que llegue a la empresa o la persona hemos articulado un esquema de seguimiento, en forma instant\u00e1nea, online, de los cr\u00e9ditos aprobados y aquellos que no est\u00e1n aprobados se le buscar\u00e1 el motivo y la forma de resuelva el problema, para que no quede ning\u00fan empresario, ning\u00fan comercio y ninguna persona fuera de estos beneficios\u00bb.<\/p>\n<p>Por su parte, el secretario de Turismo, Dar\u00edo Granadinetti, detall\u00f3 que \u00abla l\u00ednea de cr\u00e9dito ser\u00e1 a tasa 0, en concordancia con el Banco de Santa Fe, con subsidio de tasas, a 18 meses, con tres meses de gracia, y hasta dos millones de pesos para hoteleros, y 300 mil pesos para bares, restoran y agencias de viajes; creemos que es una ayuda que va a permitir sobrellevar estos momentos de apertura y cierre intermitente que estamos teniendo\u00bb.<\/p>\n<p>Adem\u00e1s, \u00abpara los sectores que no han podido abrir o han tenido dificultades, c\u00f3mo el caso de f\u00fatbol 5 y gimnasios, tambi\u00e9n van a tener cr\u00e9ditos a tasa 0, a 18 meses, con tres de gracia, y la implementaci\u00f3n de aportes no retornables para sobrellevar estos tiempos\u00bb, indic\u00f3 el secretario.<\/p>\n<p>Asimismo, se implementar\u00e1n \u00abl\u00edneas de cr\u00e9ditos para sectores de la industria con tasa al 12%, el plan Mi Primer Galp\u00f3n, l\u00edneas de cr\u00e9ditos para innovaci\u00f3n, ciencia y tecnolog\u00eda, otra de las vertientes importante para aquellos sectores que, si bien no han cerrado, tuvieron impacto negativo, como el comercio, porque creemos que es importante seguir generando divisas y actividad econ\u00f3mica en la provincia de Santa Fe, eso es lo que ve el gobernador; y tambi\u00e9n para la prefinanciaci\u00f3n de exportaciones con una l\u00ednea del Banco de Santa Fe de hasta 100 mil d\u00f3lares, y una pre financiaci\u00f3n de hasta el 90% del monto total que se exporta a precio FOB\u00bb, concluy\u00f3 Grandinetti.<\/p>\n","protected":false},"excerpt":{"rendered":"<p>Lo hizo frente a entidades productivas y secretarios de la producci\u00f3n del territorio santafesino \u00abEs&#8230;<\/p>\n","protected":false},"author":1,"featured_media":901,"comment_status":"closed","ping_status":"closed","sticky":false,"template":"","format":"standard","meta":{"footnotes":""},"categories":[7],"tags":[310,62,312,311,14,15,309],"class_list":["post-900","post","type-post","status-publish","format-standard","has-post-thumbnail","hentry","category-provinciales","tag-costamagna","tag-economia","tag-grandinetti","tag-michlig","tag-provincia","tag-santa-fe","tag-santa-fe-de-pie"],"featured_image_urls":{"full":["https:\/\/fmnativa.com\/portal\/wp-content\/uploads\/2020\/09\/1-123.jpg",1280,853,false],"thumbnail":["https:\/\/fmnativa.com\/portal\/wp-content\/uploads\/2020\/09\/1-123-150x150.jpg",150,150,true],"medium":["https:\/\/fmnativa.com\/portal\/wp-content\/uploads\/2020\/09\/1-123-300x200.jpg",300,200,true],"medium_large":["https:\/\/fmnativa.com\/portal\/wp-content\/uploads\/2020\/09\/1-123-768x512.jpg",640,427,true],"large":["https:\/\/fmnativa.com\/portal\/wp-content\/uploads\/2020\/09\/1-123-1024x682.jpg",640,426,true],"1536x1536":["https:\/\/fmnativa.com\/portal\/wp-content\/uploads\/2020\/09\/1-123.jpg",1280,853,false],"2048x2048":["https:\/\/fmnativa.com\/portal\/wp-content\/uploads\/2020\/09\/1-123.jpg",1280,853,false],"covernews-slider-full":["https:\/\/fmnativa.com\/portal\/wp-content\/uploads\/2020\/09\/1-123.jpg",1073,715,false],"covernews-slider-center":["https:\/\/fmnativa.com\/portal\/wp-content\/uploads\/2020\/09\/1-123.jpg",750,500,false],"covernews-featured":["https:\/\/fmnativa.com\/portal\/wp-content\/uploads\/2020\/09\/1-123.jpg",1024,682,false],"covernews-medium":["https:\/\/fmnativa.com\/portal\/wp-content\/uploads\/2020\/09\/1-123.jpg",510,340,false],"covernews-medium-square":["https:\/\/fmnativa.com\/portal\/wp-content\/uploads\/2020\/09\/1-123.jpg",375,250,false]},"author_info":{"info":["Fabian"]},"category_info":"<a href=\"https:\/\/fmnativa.com\/portal\/category\/provinciales\/\" rel=\"category tag\">PROVINCIALES<\/a>","tag_info":"PROVINCIALES","comment_count":"0","_links":{"self":[{"href":"https:\/\/fmnativa.com\/portal\/wp-json\/wp\/v2\/posts\/900","targetHints":{"allow":["GET"]}}],"collection":[{"href":"https:\/\/fmnativa.com\/portal\/wp-json\/wp\/v2\/posts"}],"about":[{"href":"https:\/\/fmnativa.com\/portal\/wp-json\/wp\/v2\/types\/post"}],"author":[{"embeddable":true,"href":"https:\/\/fmnativa.com\/portal\/wp-json\/wp\/v2\/users\/1"}],"replies":[{"embeddable":true,"href":"https:\/\/fmnativa.com\/portal\/wp-json\/wp\/v2\/comments?post=900"}],"version-history":[{"count":1,"href":"https:\/\/fmnativa.com\/portal\/wp-json\/wp\/v2\/posts\/900\/revisions"}],"predecessor-version":[{"id":902,"href":"https:\/\/fmnativa.com\/portal\/wp-json\/wp\/v2\/posts\/900\/revisions\/902"}],"wp:featuredmedia":[{"embeddable":true,"href":"https:\/\/fmnativa.com\/portal\/wp-json\/wp\/v2\/media\/901"}],"wp:attachment":[{"href":"https:\/\/fmnativa.com\/portal\/wp-json\/wp\/v2\/media?parent=900"}],"wp:term":[{"taxonomy":"category","embeddable":true,"href":"https:\/\/fmnativa.com\/portal\/wp-json\/wp\/v2\/categories?post=900"},{"taxonomy":"post_tag","embeddable":true,"href":"https:\/\/fmnativa.com\/portal\/wp-json\/wp\/v2\/tags?post=900"}],"curies":[{"name":"wp","href":"https:\/\/api.w.org\/{rel}","templated":true}]}}