{"id":970,"date":"2020-09-18T21:11:47","date_gmt":"2020-09-19T00:11:47","guid":{"rendered":"https:\/\/fmnativa.com\/portal\/?p=970"},"modified":"2020-09-18T21:11:47","modified_gmt":"2020-09-19T00:11:47","slug":"reconquista-el-intendente-visito-escuelas-para-entregar-los-fondos-fae","status":"publish","type":"post","link":"https:\/\/fmnativa.com\/portal\/2020\/09\/18\/reconquista-el-intendente-visito-escuelas-para-entregar-los-fondos-fae\/","title":{"rendered":"Reconquista &#8211; El intendente visit\u00f3 escuelas para entregar los Fondos FAE"},"content":{"rendered":"<div id=\"fb-root\"><\/div>\n<p>El Intendente Dr. Amadeo Enrique Vallejos visit\u00f3 distintas escuelas de nuestra ciudad para hacer entrega de aportes correspondientes al Fondo de Asistencia Educativa (FAE).<\/p>\n<p>En la ma\u00f1ana del viernes 18 de septiembre, estuvo acompa\u00f1ado por el titular de la Regi\u00f3n II de Educaci\u00f3n, Prof. Roberto Lorenzini; la Tesorera de la Federaci\u00f3n de Cooperadoras, Nelci Spont\u00f3n; y los responsables del \u00e1rea de Educaci\u00f3n de la Municipalidad de Reconquista, Lic. Carolina Gonz\u00e1lez y Claudio Insaurralde.<\/p>\n<p>En esta ocasi\u00f3n, las escuelas 1236 Alas Argentinas, 472 Bernardino Rivadavia y 6044 Reconquista recibieron los montos correspondientes a la segunda cuota del FAE 2019. Adem\u00e1s, sus directivos recibieron por parte del Intendente Municipal el libro \u201cLa Vida de Reconquista en sus Instituciones 1872-2018&#8243;, en reconocimiento a su trayectoria educativa.<\/p>\n<p>La entrega de fondos, que son destinados a satisfacer demandas de infraestructura edilicia, mantenimiento, equipamiento, materiales educativos y servicios, continuar\u00e1 en las pr\u00f3ximas semanas en otras instituciones de nuestra ciudad.<\/p>\n","protected":false},"excerpt":{"rendered":"<p>El Intendente Dr. Amadeo Enrique Vallejos visit\u00f3 distintas escuelas de nuestra ciudad para hacer entrega&#8230;<\/p>\n","protected":false},"author":1,"featured_media":971,"comment_status":"closed","ping_status":"closed","sticky":false,"template":"","format":"standard","meta":{"footnotes":""},"categories":[5],"tags":[26,334,333,14,37,15],"class_list":["post-970","post","type-post","status-publish","format-standard","has-post-thumbnail","hentry","category-locales","tag-educacion","tag-fondos-de-asistencia-educativa","tag-fondos-fae","tag-provincia","tag-reconquista","tag-santa-fe"],"featured_image_urls":{"full":["https:\/\/fmnativa.com\/portal\/wp-content\/uploads\/2020\/09\/1-134.jpg",1280,761,false],"thumbnail":["https:\/\/fmnativa.com\/portal\/wp-content\/uploads\/2020\/09\/1-134-150x150.jpg",150,150,true],"medium":["https:\/\/fmnativa.com\/portal\/wp-content\/uploads\/2020\/09\/1-134-300x178.jpg",300,178,true],"medium_large":["https:\/\/fmnativa.com\/portal\/wp-content\/uploads\/2020\/09\/1-134-768x457.jpg",640,381,true],"large":["https:\/\/fmnativa.com\/portal\/wp-content\/uploads\/2020\/09\/1-134-1024x609.jpg",640,381,true],"1536x1536":["https:\/\/fmnativa.com\/portal\/wp-content\/uploads\/2020\/09\/1-134.jpg",1280,761,false],"2048x2048":["https:\/\/fmnativa.com\/portal\/wp-content\/uploads\/2020\/09\/1-134.jpg",1280,761,false],"covernews-slider-full":["https:\/\/fmnativa.com\/portal\/wp-content\/uploads\/2020\/09\/1-134.jpg",1115,663,false],"covernews-slider-center":["https:\/\/fmnativa.com\/portal\/wp-content\/uploads\/2020\/09\/1-134.jpg",800,476,false],"covernews-featured":["https:\/\/fmnativa.com\/portal\/wp-content\/uploads\/2020\/09\/1-134.jpg",1024,609,false],"covernews-medium":["https:\/\/fmnativa.com\/portal\/wp-content\/uploads\/2020\/09\/1-134.jpg",540,321,false],"covernews-medium-square":["https:\/\/fmnativa.com\/portal\/wp-content\/uploads\/2020\/09\/1-134.jpg",400,238,false]},"author_info":{"info":["Fabian"]},"category_info":"<a href=\"https:\/\/fmnativa.com\/portal\/category\/locales\/\" rel=\"category tag\">LOCALES<\/a>","tag_info":"LOCALES","comment_count":"0","_links":{"self":[{"href":"https:\/\/fmnativa.com\/portal\/wp-json\/wp\/v2\/posts\/970","targetHints":{"allow":["GET"]}}],"collection":[{"href":"https:\/\/fmnativa.com\/portal\/wp-json\/wp\/v2\/posts"}],"about":[{"href":"https:\/\/fmnativa.com\/portal\/wp-json\/wp\/v2\/types\/post"}],"author":[{"embeddable":true,"href":"https:\/\/fmnativa.com\/portal\/wp-json\/wp\/v2\/users\/1"}],"replies":[{"embeddable":true,"href":"https:\/\/fmnativa.com\/portal\/wp-json\/wp\/v2\/comments?post=970"}],"version-history":[{"count":1,"href":"https:\/\/fmnativa.com\/portal\/wp-json\/wp\/v2\/posts\/970\/revisions"}],"predecessor-version":[{"id":972,"href":"https:\/\/fmnativa.com\/portal\/wp-json\/wp\/v2\/posts\/970\/revisions\/972"}],"wp:featuredmedia":[{"embeddable":true,"href":"https:\/\/fmnativa.com\/portal\/wp-json\/wp\/v2\/media\/971"}],"wp:attachment":[{"href":"https:\/\/fmnativa.com\/portal\/wp-json\/wp\/v2\/media?parent=970"}],"wp:term":[{"taxonomy":"category","embeddable":true,"href":"https:\/\/fmnativa.com\/portal\/wp-json\/wp\/v2\/categories?post=970"},{"taxonomy":"post_tag","embeddable":true,"href":"https:\/\/fmnativa.com\/portal\/wp-json\/wp\/v2\/tags?post=970"}],"curies":[{"name":"wp","href":"https:\/\/api.w.org\/{rel}","templated":true}]}}