{"id":997,"date":"2020-09-19T18:33:47","date_gmt":"2020-09-19T21:33:47","guid":{"rendered":"https:\/\/fmnativa.com\/portal\/?p=997"},"modified":"2020-09-19T18:34:48","modified_gmt":"2020-09-19T21:34:48","slug":"coronavirus-el-gobernador-analizo-con-intendentes-y-presidentes-comunales-las-medidas-frente-al-aceleramiento-de-casos-en-la-provincia","status":"publish","type":"post","link":"https:\/\/fmnativa.com\/portal\/2020\/09\/19\/coronavirus-el-gobernador-analizo-con-intendentes-y-presidentes-comunales-las-medidas-frente-al-aceleramiento-de-casos-en-la-provincia\/","title":{"rendered":"Coronavirus &#8211; El gobernador analiz\u00f3 con intendentes y presidentes comunales las medidas frente al aceleramiento de casos en la Provincia"},"content":{"rendered":"<div id=\"fb-root\"><\/div>\n<p>\u201cTrabajemos para bajar la velocidad de contagios y mantengamos este nivel de coordinaci\u00f3n\u201d, dijo Perotti.<\/p>\n<p>El gobernador, Omar Perotti junto a la ministra de Salud, Sonia Martorano, se reuni\u00f3 con intendentes y presidentes comunales para analizar las medidas a tomar frente al aceleramiento de la curva de casos de COVID-19. Tambi\u00e9n participaron del encuentro, el ministro de Gesti\u00f3n P\u00fablica, Rub\u00e9n Michlig, y el secretario de Integraci\u00f3n y Fortalecimiento Institucional, Jos\u00e9 Luis Freyre.<br \/>\n\u201cEn la etapa inicial, pens\u00e1bamos que el pico lo \u00edbamos a tener en abril, algunos despu\u00e9s pensaron que ese pico hab\u00eda pasado o no iba a venir nunca. Ese pico est\u00e1 y est\u00e1 entre nosotros, y se va a ampliar. La forma que tome esa curva, depende de nosotros\u201d, dijo el gobernador al inicio de la reuni\u00f3n.<\/p>\n<p>Perotti, dirigi\u00e9ndose a los jefes comunales, afirm\u00f3 que \u201cdif\u00edcilmente haya localidades invictas\u201d, a la vez que destac\u00f3 el trabajo realizado y agreg\u00f3: \u201cLa clave en lo local es disminuir la movilidad, y en particular la de aquel nexo ya directo, aunque no est\u00e9 hisopado. Si es conviviente del que dio positivo, que cumpla el mismo esquema de aislamiento ya, que no espere que lo vengan a hisopar. Esa si es una tarea que podemos ajustar muy bien desde lo local\u201d.<\/p>\n<p>Por otro lado, remarc\u00f3 que es fundamental \u201ctener el control, como se hizo en el inicio, de todas las personas que provengan de zonas con circulaci\u00f3n comunitaria. El ejemplo m\u00e1s tradicional en nuestra provincia: estudiantes de Santa Fe o de Rosario que vuelven a su casa, no puede estar circulando. Teng\u00e1moslo muy claro porque estos son los cuidados a tener. Estudiantes, viajantes, comisionistas, etc\u00e9tera, el que tiene el v\u00ednculo con cualquiera de los lugares donde hoy tenemos circulaci\u00f3n comunitaria\u201d. \u201cEsto es clave porque lo hicieron muy bien, saben c\u00f3mo hacerlo, tenemos que volver a tener la atenci\u00f3n fuerte puesta all\u00ed\u201d, agreg\u00f3 el titular de la Casa Gris.<\/p>\n<p>Tambi\u00e9n se refiri\u00f3 al aceleramiento de la curva de casos: \u201cAhora tenemos una aceleraci\u00f3n en la capacidad de contagio de cada persona y la mitad de los an\u00e1lisis da positivo: de dos an\u00e1lisis, uno es positivo. Es decir, el n\u00famero va a tener un crecimiento importante, por lo cual hemos tomado algunas medidas que no son simp\u00e1ticas, en un momento donde hay gente que desea trabajar\u201d, a\u00f1adi\u00f3 Perotti.<\/p>\n<p>El gobernador resalt\u00f3 la importancia de que intendentes y presidentes comunales cuiden los espacios p\u00fablicos, porque \u201cfalta control en los espacios verdes\u201d y la gente se re\u00fane all\u00ed, por lo cual solicit\u00f3 que se incrementen los controles.<\/p>\n<p>Descentralizaci\u00f3n de los testeos<\/p>\n<p>Martorano explic\u00f3 que, entre el trabajo realizado desde el inicio de la pandemia, se logr\u00f3 la descentralizaci\u00f3n de los testeos: \u201cTen\u00edamos un solo laboratorio que pod\u00eda analizar Covid, que era el Cemar en Rosario, Hoy tenemos 6 laboratorios en toda la provincia: el Hospital Centenario, el de Ni\u00f1os zona norte, el Hospital Provincial y el Laboratorio Central de Santa Fe\u201d.<\/p>\n<p>Adem\u00e1s, remarc\u00f3 la adquisici\u00f3n de pruebas de laboratorio r\u00e1pidas, el refuerzo del 0800 y que se comenzaron a comunicar los resultados de los hisopados v\u00eda SMS y que pueden chequearse en la web, a lo cual el gobernador agreg\u00f3: \u201cEs clave que esto nos lo confirmen siempre ustedes. La mejor referencia de que est\u00e1 funcionando en toda la provincia tiene que ser la verificaci\u00f3n de cada uno de ustedes, la comunicaci\u00f3n con los positivos de su localidad\u201d.<\/p>\n<p>Sistema de salud fortalecido<\/p>\n<p>Martorano, durante la reuni\u00f3n, present\u00f3 el cuadro de situaci\u00f3n de la pandemia en la provincia: \u201cCon la cuarentena inicial logramos aplanar la curva y usamos ese tiempo para comprar insumos, preparar camas cr\u00edticas, fortalecer el sistema\u201d.<\/p>\n<p>Luego de repasar las estad\u00edsticas de la pandemia, resalt\u00f3 la ministra: La positividad es muy preocupante. De cada 100 hisopados que hacemos, 50 dan positivos en al provincia y 55 en rosario, gran circulaci\u00f3n comunitaria\u201d. Y agreg\u00f3 que \u201cla curva provincial va de la mano de la aceleraci\u00f3n de la curva nacional. Tenemos un delay de mes, mes y medio con AMBA, lo cual es l\u00f3gico por la distancia, pero ahora estamos acelerados como ellos\u201d.<\/p>\n<p>Tambi\u00e9n se refiri\u00f3 a lo realizado desde el 4 de septiembre cuando se aplicaron restricciones en el sur provincial: \u201cEn estos 14 d\u00edas, no solo impedimos la circulaci\u00f3n, sino que trabajamos en aumentar las camas: 70 camas en 14 d\u00edas. No solo las camas: los respiradores y los recursos humanos\u201d, inform\u00f3 la titular de la cartera sanitaria.<\/p>\n<p>Finalmente, el gobernador cerr\u00f3 la reuni\u00f3n instando a las autoridades locales a seguir trabajando juntos: \u201cVamos a tener estos d\u00edas reuniones con mayor periodicidad, no perdamos el contacto con el \u00e1rea de salud, estemos activos, conf\u00edo plenamente en cada uno de ustedes, todos aprendimos, todos lo estamos haciendo de la mejor manera, mas all\u00e1 de cualquier diferencia nada puede hacer dividirnos y no coordinar, es la mayor fortaleza que tiene la provincia, su estructuraci\u00f3n de municipios y comunas y la cercan\u00eda del v\u00ednculo con la gente, eso es impagable. Trabajemos para bajar la velocidad de contagios y mantengamos este nivel de coordinaci\u00f3n\u201d.<\/p>\n","protected":false},"excerpt":{"rendered":"<p>\u201cTrabajemos para bajar la velocidad de contagios y mantengamos este nivel de coordinaci\u00f3n\u201d, dijo Perotti&#8230;.<\/p>\n","protected":false},"author":1,"featured_media":1000,"comment_status":"closed","ping_status":"closed","sticky":false,"template":"","format":"standard","meta":{"footnotes":""},"categories":[49,7],"tags":[103,133,32,130,80,14,73,15],"class_list":["post-997","post","type-post","status-publish","format-standard","has-post-thumbnail","hentry","category-covid-19","category-provinciales","tag-contagiados","tag-coronavirus","tag-covid-19","tag-cuarentena","tag-pandemia","tag-provincia","tag-salud","tag-santa-fe"],"featured_image_urls":{"full":["https:\/\/fmnativa.com\/portal\/wp-content\/uploads\/2020\/09\/1-137.jpg",1140,640,false],"thumbnail":["https:\/\/fmnativa.com\/portal\/wp-content\/uploads\/2020\/09\/1-137-150x150.jpg",150,150,true],"medium":["https:\/\/fmnativa.com\/portal\/wp-content\/uploads\/2020\/09\/1-137-300x168.jpg",300,168,true],"medium_large":["https:\/\/fmnativa.com\/portal\/wp-content\/uploads\/2020\/09\/1-137-768x431.jpg",640,359,true],"large":["https:\/\/fmnativa.com\/portal\/wp-content\/uploads\/2020\/09\/1-137-1024x575.jpg",640,359,true],"1536x1536":["https:\/\/fmnativa.com\/portal\/wp-content\/uploads\/2020\/09\/1-137.jpg",1140,640,false],"2048x2048":["https:\/\/fmnativa.com\/portal\/wp-content\/uploads\/2020\/09\/1-137.jpg",1140,640,false],"covernews-slider-full":["https:\/\/fmnativa.com\/portal\/wp-content\/uploads\/2020\/09\/1-137.jpg",1115,626,false],"covernews-slider-center":["https:\/\/fmnativa.com\/portal\/wp-content\/uploads\/2020\/09\/1-137.jpg",800,449,false],"covernews-featured":["https:\/\/fmnativa.com\/portal\/wp-content\/uploads\/2020\/09\/1-137.jpg",1024,575,false],"covernews-medium":["https:\/\/fmnativa.com\/portal\/wp-content\/uploads\/2020\/09\/1-137.jpg",540,303,false],"covernews-medium-square":["https:\/\/fmnativa.com\/portal\/wp-content\/uploads\/2020\/09\/1-137.jpg",400,225,false]},"author_info":{"info":["Fabian"]},"category_info":"<a href=\"https:\/\/fmnativa.com\/portal\/category\/covid-19\/\" rel=\"category tag\">COVID 19<\/a> <a href=\"https:\/\/fmnativa.com\/portal\/category\/provinciales\/\" rel=\"category tag\">PROVINCIALES<\/a>","tag_info":"PROVINCIALES","comment_count":"0","_links":{"self":[{"href":"https:\/\/fmnativa.com\/portal\/wp-json\/wp\/v2\/posts\/997","targetHints":{"allow":["GET"]}}],"collection":[{"href":"https:\/\/fmnativa.com\/portal\/wp-json\/wp\/v2\/posts"}],"about":[{"href":"https:\/\/fmnativa.com\/portal\/wp-json\/wp\/v2\/types\/post"}],"author":[{"embeddable":true,"href":"https:\/\/fmnativa.com\/portal\/wp-json\/wp\/v2\/users\/1"}],"replies":[{"embeddable":true,"href":"https:\/\/fmnativa.com\/portal\/wp-json\/wp\/v2\/comments?post=997"}],"version-history":[{"count":2,"href":"https:\/\/fmnativa.com\/portal\/wp-json\/wp\/v2\/posts\/997\/revisions"}],"predecessor-version":[{"id":999,"href":"https:\/\/fmnativa.com\/portal\/wp-json\/wp\/v2\/posts\/997\/revisions\/999"}],"wp:featuredmedia":[{"embeddable":true,"href":"https:\/\/fmnativa.com\/portal\/wp-json\/wp\/v2\/media\/1000"}],"wp:attachment":[{"href":"https:\/\/fmnativa.com\/portal\/wp-json\/wp\/v2\/media?parent=997"}],"wp:term":[{"taxonomy":"category","embeddable":true,"href":"https:\/\/fmnativa.com\/portal\/wp-json\/wp\/v2\/categories?post=997"},{"taxonomy":"post_tag","embeddable":true,"href":"https:\/\/fmnativa.com\/portal\/wp-json\/wp\/v2\/tags?post=997"}],"curies":[{"name":"wp","href":"https:\/\/api.w.org\/{rel}","templated":true}]}}